{"id":31079,"date":"2008-04-10T18:34:44","date_gmt":"2008-04-10T18:34:44","guid":{"rendered":"http:\/\/archiv.szolnoktv.hu\/?p=31079"},"modified":"2021-11-17T13:59:48","modified_gmt":"2021-11-17T13:59:48","slug":"nemzeti-rakellenes-nap","status":"publish","type":"post","link":"http:\/\/archiv.szolnoktv.hu\/?p=31079","title":{"rendered":"Nemzeti r\u00e1kellenes nap"},"content":{"rendered":"<div class='booster-block booster-read-block'><\/div><p>\u00c1prilis 10-dike a Nemzeti r\u00e1kellenes nap. Ezen a napon sz\u00fcletett ugyanis dr. Dollinger Gyula seb\u00e9sz, ortop\u00e9d szakorvos, aki 1902-ben megalak\u00edtotta az Orsz\u00e1gos R\u00e1kbizotts\u00e1got, \u00edgy a hazai r\u00e1kkutat\u00e1s \u00fatt\u00f6r\u0151j\u00e9nek is sz\u00e1m\u00edt. A nap c\u00e9lja, hogy az embereket bevonj\u00e1k a r\u00e1k elleni k\u00fczdelembe \u00e9s fel\u00e9bressz\u00e9k a felel\u0151ss\u00e9get \u00f6nmaguk ir\u00e1nt.<br \/>\nM\u00edg az eur\u00f3pai orsz\u00e1gokban cs\u00f6kken a daganatos megbeteged\u00e9sek sz\u00e1ma, addig Magyarorsz\u00e1gon m\u00e9g mindig emelkedik, a legjobb \u00e9vekben is stagn\u00e1l. Haz\u00e1nkban a megbeteged\u00e9si \u00e9s hal\u00e1loz\u00e1si ar\u00e1ny egyar\u00e1nt les\u00fajt\u00f3. Ezekre az adatokra \u00e9s a megel\u0151z\u00e9sre akarja a Nemzeti R\u00e1kellenes Liga a r\u00e1kellenes nappal felh\u00edvni az emberek figyelm\u00e9t. Dr. P\u00e9csi Lajos, a Megyei Onkol\u00f3giai K\u00f6zpont vezet\u0151 f\u0151orvosa elmondta: Magyarorsz\u00e1gon k\u00f6r\u00fclbel\u00fcl 35 ezer ember hal meg \u00e9vente r\u00e1kban \u00e9s 65-70 ezer ember betegszik meg \u00e9vente. Szolnok megye hozz\u00e1vet\u0151legesen a k\u00f6z\u00e9pmez\u0151nyben helyezkedik el a daganatos megbeteged\u00e9sek sz\u00e1m\u00e1t illet\u0151en. Ezek alapj\u00e1n \u00e9vente kisv\u00e1rosnyival cs\u00f6kken az orsz\u00e1g l\u00e9leksz\u00e1ma. A daganatos megbeteged\u00e9sek azonban sok esetben gy\u00f3gy\u00edthat\u00f3k. A kezdeti f\u00e1zisban ugyanis a daganatsejtek sz\u0171r\u00e9sekkel kimutathat\u00f3k \u00e9s a betegs\u00e9g kezelhet\u0151. Ez\u00e9rt nagyon fontos a megel\u0151z\u00e9s, a sz\u0171r\u00e9s. Ezzel azonban a megy\u00e9ben &#8211; ak\u00e1rcsak az orsz\u00e1gban &#8211; nagyon kevesen \u00e9lnek. Mammogr\u00e1fi\u00e1s sz\u0171r\u00e9sre p\u00e9ld\u00e1ul a beh\u00edvottaknak k\u00f6r\u00fclbel\u00fcl a fele megy el, m\u00e9hnyakr\u00e1k sz\u0171r\u00e9sre pedig m\u00e9g enn\u00e9l is kevesebben. Az emberek t\u00f6bbs\u00e9ge ugyanis f\u00e9l a sz\u0171r\u00e9sekt\u0151l, att\u00f3l, hogy esetleg tal\u00e1lnak n\u00e1luk valamit. Azonban \u00e9ppen ezzel veszik el magukt\u00f3l az es\u00e9lyt a betegs\u00e9g id\u0151ben t\u00f6rt\u00e9n\u0151 felismer\u00e9s\u00e9t\u0151l, \u00e9s ezzel egy\u00fctt a gy\u00f3gyul\u00e1st\u00f3l. Pedig a sz\u0171r\u00e9s \u00e9letet menthet!<\/p>\n","protected":false},"excerpt":{"rendered":"<p>\u00c1prilis 10-dike a Nemzeti r\u00e1kellenes nap. Ezen a napon sz\u00fcletett ugyanis dr. Dollinger Gyula seb\u00e9sz, ortop\u00e9d szakorvos, aki 1902-ben megalak\u00edtotta az Orsz\u00e1gos R\u00e1kbizotts\u00e1got, \u00edgy a hazai r\u00e1kkutat\u00e1s \u00fatt\u00f6r\u0151j\u00e9nek is sz\u00e1m\u00edt. A nap c\u00e9lja, hogy az embereket bevonj\u00e1k a r\u00e1k elleni k\u00fczdelembe \u00e9s fel\u00e9bressz\u00e9k a felel\u0151ss\u00e9get \u00f6nmaguk ir\u00e1nt. M\u00edg az eur\u00f3pai orsz\u00e1gokban cs\u00f6kken a daganatos megbeteged\u00e9sek [&hellip;]<\/p>\n","protected":false},"author":2,"featured_media":0,"comment_status":"open","ping_status":"open","sticky":false,"template":"","format":"standard","meta":[],"categories":[24],"tags":[],"_links":{"self":[{"href":"http:\/\/archiv.szolnoktv.hu\/index.php?rest_route=\/wp\/v2\/posts\/31079"}],"collection":[{"href":"http:\/\/archiv.szolnoktv.hu\/index.php?rest_route=\/wp\/v2\/posts"}],"about":[{"href":"http:\/\/archiv.szolnoktv.hu\/index.php?rest_route=\/wp\/v2\/types\/post"}],"author":[{"embeddable":true,"href":"http:\/\/archiv.szolnoktv.hu\/index.php?rest_route=\/wp\/v2\/users\/2"}],"replies":[{"embeddable":true,"href":"http:\/\/archiv.szolnoktv.hu\/index.php?rest_route=%2Fwp%2Fv2%2Fcomments&post=31079"}],"version-history":[{"count":1,"href":"http:\/\/archiv.szolnoktv.hu\/index.php?rest_route=\/wp\/v2\/posts\/31079\/revisions"}],"predecessor-version":[{"id":31412,"href":"http:\/\/archiv.szolnoktv.hu\/index.php?rest_route=\/wp\/v2\/posts\/31079\/revisions\/31412"}],"wp:attachment":[{"href":"http:\/\/archiv.szolnoktv.hu\/index.php?rest_route=%2Fwp%2Fv2%2Fmedia&parent=31079"}],"wp:term":[{"taxonomy":"category","embeddable":true,"href":"http:\/\/archiv.szolnoktv.hu\/index.php?rest_route=%2Fwp%2Fv2%2Fcategories&post=31079"},{"taxonomy":"post_tag","embeddable":true,"href":"http:\/\/archiv.szolnoktv.hu\/index.php?rest_route=%2Fwp%2Fv2%2Ftags&post=31079"}],"curies":[{"name":"wp","href":"https:\/\/api.w.org\/{rel}","templated":true}]}}