{"id":31078,"date":"2008-04-10T18:33:44","date_gmt":"2008-04-10T18:33:44","guid":{"rendered":"http:\/\/archiv.szolnoktv.hu\/?p=31078"},"modified":"2021-11-17T13:59:48","modified_gmt":"2021-11-17T13:59:48","slug":"ovodapedagogia","status":"publish","type":"post","link":"http:\/\/archiv.szolnoktv.hu\/?p=31078","title":{"rendered":"\u00d3v\u00f3dapedag\u00f3gia"},"content":{"rendered":"<div class='booster-block booster-read-block'><\/div><p>Gyakorlati p\u00e9ld\u00e1k az oktat\u00e1sban, pedag\u00f3giai konferenci\u00e1t tartanak Szolnokon. A rendezv\u00e9ny c\u00e9lja, hogy megismertess\u00e9k a pedag\u00f3gusokat, tan\u00e1rokat a gyakorlati nevel\u00e9s fontoss\u00e1g\u00e1val.<br \/>\nAz \u00f3vod\u00e1kban, iskol\u00e1kban az a legfontosabb, hogy felkelts\u00e9k a gyerekek \u00e9rdekl\u0151d\u00e9s\u00e9t, \u00edgy ugyanis sokkal hat\u00e9konyabb a tan\u00edt\u00e1s. Ezzel, a gyakorlati oktat\u00e1ssal foglalkozik a projektpedag\u00f3gia. Szolnokon rendezik meg a 11. orsz\u00e1gos \u00e9s 4. nemzetk\u00f6zi projektpedag\u00f3giai konferenci\u00e1t. A h\u00e1romnapos programsorozatra Szlov\u00e1ki\u00e1b\u00f3l, N\u00e9metorsz\u00e1gb\u00f3l \u00e9s Ausztri\u00e1b\u00f3l is \u00e9rkeztek el\u0151ad\u00f3k.<\/p>\n","protected":false},"excerpt":{"rendered":"<p>Gyakorlati p\u00e9ld\u00e1k az oktat\u00e1sban, pedag\u00f3giai konferenci\u00e1t tartanak Szolnokon. A rendezv\u00e9ny c\u00e9lja, hogy megismertess\u00e9k a pedag\u00f3gusokat, tan\u00e1rokat a gyakorlati nevel\u00e9s fontoss\u00e1g\u00e1val. Az \u00f3vod\u00e1kban, iskol\u00e1kban az a legfontosabb, hogy felkelts\u00e9k a gyerekek \u00e9rdekl\u0151d\u00e9s\u00e9t, \u00edgy ugyanis sokkal hat\u00e9konyabb a tan\u00edt\u00e1s. Ezzel, a gyakorlati oktat\u00e1ssal foglalkozik a projektpedag\u00f3gia. Szolnokon rendezik meg a 11. orsz\u00e1gos \u00e9s 4. nemzetk\u00f6zi projektpedag\u00f3giai konferenci\u00e1t. [&hellip;]<\/p>\n","protected":false},"author":2,"featured_media":0,"comment_status":"open","ping_status":"open","sticky":false,"template":"","format":"standard","meta":[],"categories":[24],"tags":[],"_links":{"self":[{"href":"http:\/\/archiv.szolnoktv.hu\/index.php?rest_route=\/wp\/v2\/posts\/31078"}],"collection":[{"href":"http:\/\/archiv.szolnoktv.hu\/index.php?rest_route=\/wp\/v2\/posts"}],"about":[{"href":"http:\/\/archiv.szolnoktv.hu\/index.php?rest_route=\/wp\/v2\/types\/post"}],"author":[{"embeddable":true,"href":"http:\/\/archiv.szolnoktv.hu\/index.php?rest_route=\/wp\/v2\/users\/2"}],"replies":[{"embeddable":true,"href":"http:\/\/archiv.szolnoktv.hu\/index.php?rest_route=%2Fwp%2Fv2%2Fcomments&post=31078"}],"version-history":[{"count":1,"href":"http:\/\/archiv.szolnoktv.hu\/index.php?rest_route=\/wp\/v2\/posts\/31078\/revisions"}],"predecessor-version":[{"id":31413,"href":"http:\/\/archiv.szolnoktv.hu\/index.php?rest_route=\/wp\/v2\/posts\/31078\/revisions\/31413"}],"wp:attachment":[{"href":"http:\/\/archiv.szolnoktv.hu\/index.php?rest_route=%2Fwp%2Fv2%2Fmedia&parent=31078"}],"wp:term":[{"taxonomy":"category","embeddable":true,"href":"http:\/\/archiv.szolnoktv.hu\/index.php?rest_route=%2Fwp%2Fv2%2Fcategories&post=31078"},{"taxonomy":"post_tag","embeddable":true,"href":"http:\/\/archiv.szolnoktv.hu\/index.php?rest_route=%2Fwp%2Fv2%2Ftags&post=31078"}],"curies":[{"name":"wp","href":"https:\/\/api.w.org\/{rel}","templated":true}]}}