{"id":31077,"date":"2008-04-10T18:32:00","date_gmt":"2008-04-10T18:32:00","guid":{"rendered":"http:\/\/archiv.szolnoktv.hu\/?p=31077"},"modified":"2021-11-17T13:59:48","modified_gmt":"2021-11-17T13:59:48","slug":"a-magyar-kolteszet-napja","status":"publish","type":"post","link":"http:\/\/archiv.szolnoktv.hu\/?p=31077","title":{"rendered":"A magyar k\u00f6lt\u00e9szet napja"},"content":{"rendered":"<div class='booster-block booster-read-block'><\/div><p>Negynevnegyedik \u00e9ve \u00e1prilis 11-\u00e9n, J\u00f3zsef Attila sz\u00fclet\u00e9snapj\u00e1n \u00fcnnepelj\u00fck a magyar k\u00f6lt\u00e9szet napj\u00e1t. A huszadik sz\u00e1zad egyik legkiemelked\u0151bb k\u00f6lt\u0151je fiatalon halt meg, m\u00e9gis maradand\u00f3t alkotott. R\u00e1 eml\u00e9keztek a Verseghy Ferenc Megyei K\u00f6nyvt\u00e1rban. A verseket a Bart\u00f3k B\u00e9la Kamarak\u00f3rus \u00e9nekelte el. D\u00e9lut\u00e1n a J\u00f3zsef Attila Bar\u00e1ti K\u00f6r megkoszor\u00fazta n\u00e9vad\u00f3juk mellszobr\u00e1t.<\/p>\n","protected":false},"excerpt":{"rendered":"<p>Negynevnegyedik \u00e9ve \u00e1prilis 11-\u00e9n, J\u00f3zsef Attila sz\u00fclet\u00e9snapj\u00e1n \u00fcnnepelj\u00fck a magyar k\u00f6lt\u00e9szet napj\u00e1t. A huszadik sz\u00e1zad egyik legkiemelked\u0151bb k\u00f6lt\u0151je fiatalon halt meg, m\u00e9gis maradand\u00f3t alkotott. R\u00e1 eml\u00e9keztek a Verseghy Ferenc Megyei K\u00f6nyvt\u00e1rban. A verseket a Bart\u00f3k B\u00e9la Kamarak\u00f3rus \u00e9nekelte el. D\u00e9lut\u00e1n a J\u00f3zsef Attila Bar\u00e1ti K\u00f6r megkoszor\u00fazta n\u00e9vad\u00f3juk mellszobr\u00e1t.<\/p>\n","protected":false},"author":2,"featured_media":0,"comment_status":"open","ping_status":"open","sticky":false,"template":"","format":"standard","meta":[],"categories":[24],"tags":[],"_links":{"self":[{"href":"http:\/\/archiv.szolnoktv.hu\/index.php?rest_route=\/wp\/v2\/posts\/31077"}],"collection":[{"href":"http:\/\/archiv.szolnoktv.hu\/index.php?rest_route=\/wp\/v2\/posts"}],"about":[{"href":"http:\/\/archiv.szolnoktv.hu\/index.php?rest_route=\/wp\/v2\/types\/post"}],"author":[{"embeddable":true,"href":"http:\/\/archiv.szolnoktv.hu\/index.php?rest_route=\/wp\/v2\/users\/2"}],"replies":[{"embeddable":true,"href":"http:\/\/archiv.szolnoktv.hu\/index.php?rest_route=%2Fwp%2Fv2%2Fcomments&post=31077"}],"version-history":[{"count":1,"href":"http:\/\/archiv.szolnoktv.hu\/index.php?rest_route=\/wp\/v2\/posts\/31077\/revisions"}],"predecessor-version":[{"id":31414,"href":"http:\/\/archiv.szolnoktv.hu\/index.php?rest_route=\/wp\/v2\/posts\/31077\/revisions\/31414"}],"wp:attachment":[{"href":"http:\/\/archiv.szolnoktv.hu\/index.php?rest_route=%2Fwp%2Fv2%2Fmedia&parent=31077"}],"wp:term":[{"taxonomy":"category","embeddable":true,"href":"http:\/\/archiv.szolnoktv.hu\/index.php?rest_route=%2Fwp%2Fv2%2Fcategories&post=31077"},{"taxonomy":"post_tag","embeddable":true,"href":"http:\/\/archiv.szolnoktv.hu\/index.php?rest_route=%2Fwp%2Fv2%2Ftags&post=31077"}],"curies":[{"name":"wp","href":"https:\/\/api.w.org\/{rel}","templated":true}]}}