{"id":31075,"date":"2008-04-10T18:30:55","date_gmt":"2008-04-10T18:30:55","guid":{"rendered":"http:\/\/archiv.szolnoktv.hu\/?p=31075"},"modified":"2021-11-17T13:59:48","modified_gmt":"2021-11-17T13:59:48","slug":"szabadon-az-utakon","status":"publish","type":"post","link":"http:\/\/archiv.szolnoktv.hu\/?p=31075","title":{"rendered":"Szabadon az utakon"},"content":{"rendered":"<div class='booster-block booster-read-block'><\/div><p>Let\u00f6lt\u00f6tte b\u00fcntet\u00e9s\u00e9t Bander Ferenc.A f\u00e9rfi kilenc napra vonult be, hogy tizennyolc-ezer forintos p\u00e9nzb\u00edrs\u00e1g\u00e1t b\u00f6rt\u00f6nre v\u00e1ltsa. Bander Ferencet az\u00e9rt b\u00edrs\u00e1golt\u00e1k meg 2006-ban, mert mopedj\u00e9n nem volt hat\u00f3s\u00e1gi enged\u00e9ly. Bander azt \u00e1ll\u00edtja: j\u00e1rm\u0171ve seg\u00e9dmotorker\u00e9kp\u00e1r,ennek megfelel\u0151en minden okirata rendben van,nem s\u00e9rti a KRESZ szab\u00e1lyait.<\/p>\n","protected":false},"excerpt":{"rendered":"<p>Let\u00f6lt\u00f6tte b\u00fcntet\u00e9s\u00e9t Bander Ferenc.A f\u00e9rfi kilenc napra vonult be, hogy tizennyolc-ezer forintos p\u00e9nzb\u00edrs\u00e1g\u00e1t b\u00f6rt\u00f6nre v\u00e1ltsa. Bander Ferencet az\u00e9rt b\u00edrs\u00e1golt\u00e1k meg 2006-ban, mert mopedj\u00e9n nem volt hat\u00f3s\u00e1gi enged\u00e9ly. Bander azt \u00e1ll\u00edtja: j\u00e1rm\u0171ve seg\u00e9dmotorker\u00e9kp\u00e1r,ennek megfelel\u0151en minden okirata rendben van,nem s\u00e9rti a KRESZ szab\u00e1lyait.<\/p>\n","protected":false},"author":2,"featured_media":0,"comment_status":"open","ping_status":"open","sticky":false,"template":"","format":"standard","meta":[],"categories":[24],"tags":[],"_links":{"self":[{"href":"http:\/\/archiv.szolnoktv.hu\/index.php?rest_route=\/wp\/v2\/posts\/31075"}],"collection":[{"href":"http:\/\/archiv.szolnoktv.hu\/index.php?rest_route=\/wp\/v2\/posts"}],"about":[{"href":"http:\/\/archiv.szolnoktv.hu\/index.php?rest_route=\/wp\/v2\/types\/post"}],"author":[{"embeddable":true,"href":"http:\/\/archiv.szolnoktv.hu\/index.php?rest_route=\/wp\/v2\/users\/2"}],"replies":[{"embeddable":true,"href":"http:\/\/archiv.szolnoktv.hu\/index.php?rest_route=%2Fwp%2Fv2%2Fcomments&post=31075"}],"version-history":[{"count":1,"href":"http:\/\/archiv.szolnoktv.hu\/index.php?rest_route=\/wp\/v2\/posts\/31075\/revisions"}],"predecessor-version":[{"id":31416,"href":"http:\/\/archiv.szolnoktv.hu\/index.php?rest_route=\/wp\/v2\/posts\/31075\/revisions\/31416"}],"wp:attachment":[{"href":"http:\/\/archiv.szolnoktv.hu\/index.php?rest_route=%2Fwp%2Fv2%2Fmedia&parent=31075"}],"wp:term":[{"taxonomy":"category","embeddable":true,"href":"http:\/\/archiv.szolnoktv.hu\/index.php?rest_route=%2Fwp%2Fv2%2Fcategories&post=31075"},{"taxonomy":"post_tag","embeddable":true,"href":"http:\/\/archiv.szolnoktv.hu\/index.php?rest_route=%2Fwp%2Fv2%2Ftags&post=31075"}],"curies":[{"name":"wp","href":"https:\/\/api.w.org\/{rel}","templated":true}]}}