{"id":31074,"date":"2008-04-09T18:14:03","date_gmt":"2008-04-09T18:14:03","guid":{"rendered":"http:\/\/archiv.szolnoktv.hu\/?p=31074"},"modified":"2021-11-17T13:59:48","modified_gmt":"2021-11-17T13:59:48","slug":"neveloszuloi-dij-2","status":"publish","type":"post","link":"http:\/\/archiv.szolnoktv.hu\/?p=31074","title":{"rendered":"Nevel\u0151sz\u00fcl\u0151i d\u00edj"},"content":{"rendered":"<div class='booster-block booster-read-block'><\/div><p>A szolnoki Gyermekotthon megalakul\u00e1s\u00e1nak 50. \u00e9vfordul\u00f3j\u00e1ra alap\u00edtott\u00e1k meg a Nevel\u0151sz\u00fcl\u0151i d\u00edjat. Az elismer\u00e9s minden \u00e9vben azokat a sz\u00fcl\u0151ket illeti, akik a legnagyobb odaad\u00e1ssal nevelik a r\u00e1juk b\u00edzott gyermekeket. Id\u00e9n h\u00e1rman r\u00e9szes\u00fcltek ebben a kit\u00fcntet\u00e9sben.<br \/>\nMa m\u00e1r Magyarorsz\u00e1gon a gyermekv\u00e9delmi szakell\u00e1t\u00e1sban nevelked\u0151k t\u00f6bb mint fele nevel\u0151sz\u00fcl\u0151i csal\u00e1dban n\u0151 fel. A nevel\u0151sz\u00fcl\u0151k feladata, hogy biztons\u00e1gos otthont ny\u00fajtsanak a n\u00e1luk elhelyezett gyermekeknek mindaddig, am\u00edg azok nem ker\u00fclhetnek vissza saj\u00e1t, v\u00e9r szerinti csal\u00e1djukba vagy egy \u00f6r\u00f6kbe fogad\u00f3 csal\u00e1dhoz. Ez \u00e1tmeneti \u00e1llapot, amely sz\u00e1mos esetben \u00e9vekig elh\u00faz\u00f3dik, sokszor a nagykor\u00fav\u00e1 v\u00e1l\u00e1sig. Ha valaki elv\u00e1llalja ezt a feladatot, annak k\u00f6teless\u00e9gei vannak a r\u00e1b\u00edzott \u00e9lettel szemben: nevelnie, gondoznia, tan\u00edttatnia kell egy vagy t\u00f6bb gyermeket. Ehhez tem\u00e9rdek szeretetre, t\u00fcrelemre, meg\u00e9rt\u00e9sre van sz\u00fcks\u00e9g. Ezt az odaad\u00e1st jutalmazz\u00e1k \u00e9vr\u0151l \u00e9vre a Nevel\u0151sz\u00fcl\u0151i d\u00edjjal. Id\u00e9n Bali G\u00e1born\u00e9, Koczka J\u00f3zsefn\u00e9 \u00e9s K\u00f6rmendin\u00e9 Baks\u00e1n M\u00e1ria kapta ezt az elismer\u00e9st. Mindh\u00e1rman \u00e9vek \u00f3ta nagy szeretetben nevelnek csal\u00e1djukban egy vagy t\u00f6bb gyermeket, s\u00e9r\u00fcltet \u00e9s eg\u00e9szs\u00e9geset egyar\u00e1nt. A d\u00edjjal kapcsolatban mindannyian hangs\u00falyozt\u00e1k, nem ez\u00e9rt v\u00e1llalt\u00e1k ezt a feldatatot \u00e9vekkel ezel\u0151tt, de term\u00e9szetesen nagy megtiszteltet\u00e9s nekik, mert ez azt jelenti, hogy j\u00f3 sz\u00fcl\u0151k.<\/p>\n","protected":false},"excerpt":{"rendered":"<p>A szolnoki Gyermekotthon megalakul\u00e1s\u00e1nak 50. \u00e9vfordul\u00f3j\u00e1ra alap\u00edtott\u00e1k meg a Nevel\u0151sz\u00fcl\u0151i d\u00edjat. Az elismer\u00e9s minden \u00e9vben azokat a sz\u00fcl\u0151ket illeti, akik a legnagyobb odaad\u00e1ssal nevelik a r\u00e1juk b\u00edzott gyermekeket. Id\u00e9n h\u00e1rman r\u00e9szes\u00fcltek ebben a kit\u00fcntet\u00e9sben. Ma m\u00e1r Magyarorsz\u00e1gon a gyermekv\u00e9delmi szakell\u00e1t\u00e1sban nevelked\u0151k t\u00f6bb mint fele nevel\u0151sz\u00fcl\u0151i csal\u00e1dban n\u0151 fel. A nevel\u0151sz\u00fcl\u0151k feladata, hogy biztons\u00e1gos otthont ny\u00fajtsanak [&hellip;]<\/p>\n","protected":false},"author":2,"featured_media":0,"comment_status":"open","ping_status":"open","sticky":false,"template":"","format":"standard","meta":[],"categories":[24],"tags":[],"_links":{"self":[{"href":"http:\/\/archiv.szolnoktv.hu\/index.php?rest_route=\/wp\/v2\/posts\/31074"}],"collection":[{"href":"http:\/\/archiv.szolnoktv.hu\/index.php?rest_route=\/wp\/v2\/posts"}],"about":[{"href":"http:\/\/archiv.szolnoktv.hu\/index.php?rest_route=\/wp\/v2\/types\/post"}],"author":[{"embeddable":true,"href":"http:\/\/archiv.szolnoktv.hu\/index.php?rest_route=\/wp\/v2\/users\/2"}],"replies":[{"embeddable":true,"href":"http:\/\/archiv.szolnoktv.hu\/index.php?rest_route=%2Fwp%2Fv2%2Fcomments&post=31074"}],"version-history":[{"count":1,"href":"http:\/\/archiv.szolnoktv.hu\/index.php?rest_route=\/wp\/v2\/posts\/31074\/revisions"}],"predecessor-version":[{"id":31417,"href":"http:\/\/archiv.szolnoktv.hu\/index.php?rest_route=\/wp\/v2\/posts\/31074\/revisions\/31417"}],"wp:attachment":[{"href":"http:\/\/archiv.szolnoktv.hu\/index.php?rest_route=%2Fwp%2Fv2%2Fmedia&parent=31074"}],"wp:term":[{"taxonomy":"category","embeddable":true,"href":"http:\/\/archiv.szolnoktv.hu\/index.php?rest_route=%2Fwp%2Fv2%2Fcategories&post=31074"},{"taxonomy":"post_tag","embeddable":true,"href":"http:\/\/archiv.szolnoktv.hu\/index.php?rest_route=%2Fwp%2Fv2%2Ftags&post=31074"}],"curies":[{"name":"wp","href":"https:\/\/api.w.org\/{rel}","templated":true}]}}