{"id":31073,"date":"2008-04-09T18:13:05","date_gmt":"2008-04-09T18:13:05","guid":{"rendered":"http:\/\/archiv.szolnoktv.hu\/?p=31073"},"modified":"2021-11-17T13:59:48","modified_gmt":"2021-11-17T13:59:48","slug":"tiszaligeti-tervpalyazat","status":"publish","type":"post","link":"http:\/\/archiv.szolnoktv.hu\/?p=31073","title":{"rendered":"Tiszaligeti tervp\u00e1ly\u00e1zat"},"content":{"rendered":"<div class='booster-block booster-read-block'><\/div><p>N\u00e9gycsillagos szolg\u00e1ltat\u00e1s. A beruh\u00e1z\u00f3 szolnoki \u00f6nkorm\u00e1nyzat ragaszkodik ahhoz, hogy a Tiszaligetbe tervezett rekre\u00e1ci\u00f3s k\u00f6zpont \u00e9s term\u00e1lf\u00fcrd\u0151 ne a f\u00e9lmegold\u00e1sokr\u00f3l sz\u00f3ljon.<br \/>\nA nyertesek k\u00f6z\u00f6tt ugyan nincs szolnoki p\u00e1ly\u00e1z\u00f3, a befut\u00f3k t\u00edmek tagjai k\u00f6zt azonban akadtak helyi szakemberek is- der\u00fclt ki a tervp\u00e1ly\u00e1zat eredm\u00e9nyhirdet\u00e9s\u00e9t k\u00f6vet\u0151 \u00f6nkorm\u00e1nyzati t\u00e1j\u00e9koztat\u00f3n. A szakemberekb\u0151l \u00e1ll\u00f3 d\u00f6nt\u0151bizotts\u00e1g- hi\u00e1ba az impoz\u00e1ns l\u00e1tv\u00e1nytervek- els\u0151 d\u00edjat nem adott ki. A k\u00e9t m\u00e1sodik, illetve egy harmadik helyezett mellett a futurisztikus \u00f6tlet miatt- versenyen k\u00edv\u00fcl- ezt a tervet jutalmazta. A k\u00edv\u00fcl\u00e1ll\u00f3k szerint nehezen \u00e9rtelmezhet\u0151 p\u00e1lyam\u0171vek \u00e9rt\u00e9kes \u00f6tleteket tartalmaznak. Ezek \u00f6sszegz\u00e9se adja a majdani v\u00e9gleges terv alapj\u00e1t.  Sz\u0171k\u00edti a lehet\u0151s\u00e9geket, hogy a &#8220;Tisza f\u0151v\u00e1rosa&#8221;&#8221; projekt elb\u00edr\u00e1l\u00f3i nem \u00e9ppen nagyvonal\u00faak. Az \u00f6nkorm\u00e1nyzat ez\u00e9rt m\u00e1r most vizsg\u00e1lja annak a lehet\u0151s\u00e9g\u00e9t<br \/>\nhogy mik\u00e9nt sz\u00e1llhat majd be plusz saj\u00e1t er\u0151vel a kapcsol\u00f3d\u00f3 beruh\u00e1z\u00e1sokba- ha a t\u00e1mogat\u00e1st csup\u00e1n a komplexumra \u00e9s nem a Tiszaliget eg\u00e9sz\u00e9re \u00edt\u00e9lik meg. A f\u0151\u00e9p\u00edt\u00e9sz szerint az impoz\u00e1ns l\u00e9tes\u00edtm\u00e9ny 2010 nyar\u00e1n elm\u00e9letileg m\u00e1r m\u00e1r fogadhat f\u00fcrd\u0151vend\u00e9geket. &#8221;<\/p>\n","protected":false},"excerpt":{"rendered":"<p>N\u00e9gycsillagos szolg\u00e1ltat\u00e1s. A beruh\u00e1z\u00f3 szolnoki \u00f6nkorm\u00e1nyzat ragaszkodik ahhoz, hogy a Tiszaligetbe tervezett rekre\u00e1ci\u00f3s k\u00f6zpont \u00e9s term\u00e1lf\u00fcrd\u0151 ne a f\u00e9lmegold\u00e1sokr\u00f3l sz\u00f3ljon. A nyertesek k\u00f6z\u00f6tt ugyan nincs szolnoki p\u00e1ly\u00e1z\u00f3, a befut\u00f3k t\u00edmek tagjai k\u00f6zt azonban akadtak helyi szakemberek is- der\u00fclt ki a tervp\u00e1ly\u00e1zat eredm\u00e9nyhirdet\u00e9s\u00e9t k\u00f6vet\u0151 \u00f6nkorm\u00e1nyzati t\u00e1j\u00e9koztat\u00f3n. A szakemberekb\u0151l \u00e1ll\u00f3 d\u00f6nt\u0151bizotts\u00e1g- hi\u00e1ba az impoz\u00e1ns l\u00e1tv\u00e1nytervek- els\u0151 d\u00edjat [&hellip;]<\/p>\n","protected":false},"author":2,"featured_media":0,"comment_status":"open","ping_status":"open","sticky":false,"template":"","format":"standard","meta":[],"categories":[24],"tags":[],"_links":{"self":[{"href":"http:\/\/archiv.szolnoktv.hu\/index.php?rest_route=\/wp\/v2\/posts\/31073"}],"collection":[{"href":"http:\/\/archiv.szolnoktv.hu\/index.php?rest_route=\/wp\/v2\/posts"}],"about":[{"href":"http:\/\/archiv.szolnoktv.hu\/index.php?rest_route=\/wp\/v2\/types\/post"}],"author":[{"embeddable":true,"href":"http:\/\/archiv.szolnoktv.hu\/index.php?rest_route=\/wp\/v2\/users\/2"}],"replies":[{"embeddable":true,"href":"http:\/\/archiv.szolnoktv.hu\/index.php?rest_route=%2Fwp%2Fv2%2Fcomments&post=31073"}],"version-history":[{"count":1,"href":"http:\/\/archiv.szolnoktv.hu\/index.php?rest_route=\/wp\/v2\/posts\/31073\/revisions"}],"predecessor-version":[{"id":31418,"href":"http:\/\/archiv.szolnoktv.hu\/index.php?rest_route=\/wp\/v2\/posts\/31073\/revisions\/31418"}],"wp:attachment":[{"href":"http:\/\/archiv.szolnoktv.hu\/index.php?rest_route=%2Fwp%2Fv2%2Fmedia&parent=31073"}],"wp:term":[{"taxonomy":"category","embeddable":true,"href":"http:\/\/archiv.szolnoktv.hu\/index.php?rest_route=%2Fwp%2Fv2%2Fcategories&post=31073"},{"taxonomy":"post_tag","embeddable":true,"href":"http:\/\/archiv.szolnoktv.hu\/index.php?rest_route=%2Fwp%2Fv2%2Ftags&post=31073"}],"curies":[{"name":"wp","href":"https:\/\/api.w.org\/{rel}","templated":true}]}}