{"id":31072,"date":"2008-04-09T18:12:34","date_gmt":"2008-04-09T18:12:34","guid":{"rendered":"http:\/\/archiv.szolnoktv.hu\/?p=31072"},"modified":"2021-11-17T13:59:48","modified_gmt":"2021-11-17T13:59:48","slug":"europai-videkfejlesztes","status":"publish","type":"post","link":"http:\/\/archiv.szolnoktv.hu\/?p=31072","title":{"rendered":"Eur\u00f3pai vid\u00e9kfejleszt\u00e9s"},"content":{"rendered":"<div class='booster-block booster-read-block'><\/div><p>Szolnokon f\u00e9l \u00e9vvel ezel\u0151tt alakult meg az Eur\u00f3pai Vid\u00e9k Egyetemei\u00e9rt Egyes\u00fclet K\u00f6z\u00e9p-Kelet Eur\u00f3pai Vid\u00e9kfejleszt\u00e9si K\u00f6zpontja. Ennek c\u00e9lja, hogy a nagyv\u00e1rosokhoz k\u00e9pest lemaradt vid\u00e9ket felz\u00e1rk\u00f3ztassa. A vid\u00e9ki civil szervezetek, valamint \u00f6nkorm\u00e1nyzatok r\u00e9sz\u00e9re Eur\u00f3pa szerte konferenci\u00e1kat tartanak. J\u00f6v\u0151h\u00e9ten megy\u00e9nkben is a t\u00e9m\u00e1hoz kapcsol\u00f3d\u00f3 el\u0151ad\u00e1sokat szerveznek. El\u0151sz\u00f6r a Verseghy Ferenc Megyei K\u00f6nyvt\u00e1rban v\u00e1rj\u00e1k az \u00e9rdekl\u0151d\u0151ket h\u00e9tf\u0151n reggel 10 \u00f3r\u00e1t\u00f3l.<\/p>\n","protected":false},"excerpt":{"rendered":"<p>Szolnokon f\u00e9l \u00e9vvel ezel\u0151tt alakult meg az Eur\u00f3pai Vid\u00e9k Egyetemei\u00e9rt Egyes\u00fclet K\u00f6z\u00e9p-Kelet Eur\u00f3pai Vid\u00e9kfejleszt\u00e9si K\u00f6zpontja. Ennek c\u00e9lja, hogy a nagyv\u00e1rosokhoz k\u00e9pest lemaradt vid\u00e9ket felz\u00e1rk\u00f3ztassa. A vid\u00e9ki civil szervezetek, valamint \u00f6nkorm\u00e1nyzatok r\u00e9sz\u00e9re Eur\u00f3pa szerte konferenci\u00e1kat tartanak. J\u00f6v\u0151h\u00e9ten megy\u00e9nkben is a t\u00e9m\u00e1hoz kapcsol\u00f3d\u00f3 el\u0151ad\u00e1sokat szerveznek. El\u0151sz\u00f6r a Verseghy Ferenc Megyei K\u00f6nyvt\u00e1rban v\u00e1rj\u00e1k az \u00e9rdekl\u0151d\u0151ket h\u00e9tf\u0151n reggel 10 [&hellip;]<\/p>\n","protected":false},"author":2,"featured_media":0,"comment_status":"open","ping_status":"open","sticky":false,"template":"","format":"standard","meta":[],"categories":[24],"tags":[],"_links":{"self":[{"href":"http:\/\/archiv.szolnoktv.hu\/index.php?rest_route=\/wp\/v2\/posts\/31072"}],"collection":[{"href":"http:\/\/archiv.szolnoktv.hu\/index.php?rest_route=\/wp\/v2\/posts"}],"about":[{"href":"http:\/\/archiv.szolnoktv.hu\/index.php?rest_route=\/wp\/v2\/types\/post"}],"author":[{"embeddable":true,"href":"http:\/\/archiv.szolnoktv.hu\/index.php?rest_route=\/wp\/v2\/users\/2"}],"replies":[{"embeddable":true,"href":"http:\/\/archiv.szolnoktv.hu\/index.php?rest_route=%2Fwp%2Fv2%2Fcomments&post=31072"}],"version-history":[{"count":1,"href":"http:\/\/archiv.szolnoktv.hu\/index.php?rest_route=\/wp\/v2\/posts\/31072\/revisions"}],"predecessor-version":[{"id":31419,"href":"http:\/\/archiv.szolnoktv.hu\/index.php?rest_route=\/wp\/v2\/posts\/31072\/revisions\/31419"}],"wp:attachment":[{"href":"http:\/\/archiv.szolnoktv.hu\/index.php?rest_route=%2Fwp%2Fv2%2Fmedia&parent=31072"}],"wp:term":[{"taxonomy":"category","embeddable":true,"href":"http:\/\/archiv.szolnoktv.hu\/index.php?rest_route=%2Fwp%2Fv2%2Fcategories&post=31072"},{"taxonomy":"post_tag","embeddable":true,"href":"http:\/\/archiv.szolnoktv.hu\/index.php?rest_route=%2Fwp%2Fv2%2Ftags&post=31072"}],"curies":[{"name":"wp","href":"https:\/\/api.w.org\/{rel}","templated":true}]}}