{"id":31071,"date":"2008-04-09T15:12:13","date_gmt":"2008-04-09T15:12:13","guid":{"rendered":"http:\/\/archiv.szolnoktv.hu\/?p=31071"},"modified":"2021-11-17T13:59:49","modified_gmt":"2021-11-17T13:59:49","slug":"vendeglatas-kiallitas-a-foiskolan","status":"publish","type":"post","link":"http:\/\/archiv.szolnoktv.hu\/?p=31071","title":{"rendered":"Vend\u00e9gl\u00e1t\u00e1s- ki\u00e1ll\u00edt\u00e1s a f\u0151iskol\u00e1n"},"content":{"rendered":"<div class='booster-block booster-read-block'><\/div><p>A szolnoki vend\u00e9gl\u00e1t\u00e1s t\u00f6rt\u00e9net\u00e9t bemutat\u00f3 ki\u00e1ll\u00edt\u00e1s ny\u00edlt ma d\u00e9lel\u0151tt a Szolnoki F\u0151iskola M\u00e1rt\u00edrok \u00fati \u00e9p\u00fclet\u00e9nek k\u00f6nyvt\u00e1r\u00e1ban. Az egykoron m\u00e9lt\u00e1n h\u00edres K\u00e1d\u00e1r Cukr\u00e1szda relikvi\u00e1in k\u00edv\u00fcl tov\u00e1bbi- az\u00f3ta m\u00e1r elt\u0171nt- vend\u00e9gl\u00e1t\u00f3helyek eml\u00e9kei is l\u00e1that\u00f3k. Az \u00e9tlapokr\u00f3l a nyolcforintos pacalp\u00f6rk\u00f6lt ugyan\u00fagy visszak\u00f6sz\u00f6n, mint a h\u00e1romforintos k\u00e1v\u00e9. Az \u00e1prilis huszonkettedik\u00e9ig l\u00e1togathat\u00f3 t\u00e1rlatban helyet kapott egy igazi k\u00fcl\u00f6nlegess\u00e9g is: a fagylalt t\u00f6rt\u00e9net\u00e9t bemutat\u00f3 is. M\u00e1r Mezopot\u00e1mi\u00e1ban is fogyasztott\u00e1k a j\u00e9ggel- h\u00f3val h\u0171t\u00f6tt gy\u00f6m\u00f6lcs\u00f6ket. A nyelv\u00faj\u00edt\u00e1s el\u0151tt hideg nyalatnak nevezt\u00e9k a fagylatot, a t\u00f6lcs\u00e9r pedig spanyol tekercs n\u00e9ven volt ismert. A vend\u00e9gl\u00e1t\u00e1s\u00e9rt \u00e9vsz\u00e1zadokkal ezel\u0151tt is fizetni kellett, a korabeli fizet\u0151eszk\u00f6z\u00f6k- d\u00e9n\u00e1r, korona, peng\u0151- is l\u00e1that\u00f3k a d\u00edjtalanul megtekinthet\u0151 ki\u00e1ll\u00edt\u00e1son.<\/p>\n","protected":false},"excerpt":{"rendered":"<p>A szolnoki vend\u00e9gl\u00e1t\u00e1s t\u00f6rt\u00e9net\u00e9t bemutat\u00f3 ki\u00e1ll\u00edt\u00e1s ny\u00edlt ma d\u00e9lel\u0151tt a Szolnoki F\u0151iskola M\u00e1rt\u00edrok \u00fati \u00e9p\u00fclet\u00e9nek k\u00f6nyvt\u00e1r\u00e1ban. Az egykoron m\u00e9lt\u00e1n h\u00edres K\u00e1d\u00e1r Cukr\u00e1szda relikvi\u00e1in k\u00edv\u00fcl tov\u00e1bbi- az\u00f3ta m\u00e1r elt\u0171nt- vend\u00e9gl\u00e1t\u00f3helyek eml\u00e9kei is l\u00e1that\u00f3k. Az \u00e9tlapokr\u00f3l a nyolcforintos pacalp\u00f6rk\u00f6lt ugyan\u00fagy visszak\u00f6sz\u00f6n, mint a h\u00e1romforintos k\u00e1v\u00e9. Az \u00e1prilis huszonkettedik\u00e9ig l\u00e1togathat\u00f3 t\u00e1rlatban helyet kapott egy igazi k\u00fcl\u00f6nlegess\u00e9g is: a [&hellip;]<\/p>\n","protected":false},"author":2,"featured_media":0,"comment_status":"open","ping_status":"open","sticky":false,"template":"","format":"standard","meta":[],"categories":[24],"tags":[],"_links":{"self":[{"href":"http:\/\/archiv.szolnoktv.hu\/index.php?rest_route=\/wp\/v2\/posts\/31071"}],"collection":[{"href":"http:\/\/archiv.szolnoktv.hu\/index.php?rest_route=\/wp\/v2\/posts"}],"about":[{"href":"http:\/\/archiv.szolnoktv.hu\/index.php?rest_route=\/wp\/v2\/types\/post"}],"author":[{"embeddable":true,"href":"http:\/\/archiv.szolnoktv.hu\/index.php?rest_route=\/wp\/v2\/users\/2"}],"replies":[{"embeddable":true,"href":"http:\/\/archiv.szolnoktv.hu\/index.php?rest_route=%2Fwp%2Fv2%2Fcomments&post=31071"}],"version-history":[{"count":1,"href":"http:\/\/archiv.szolnoktv.hu\/index.php?rest_route=\/wp\/v2\/posts\/31071\/revisions"}],"predecessor-version":[{"id":31420,"href":"http:\/\/archiv.szolnoktv.hu\/index.php?rest_route=\/wp\/v2\/posts\/31071\/revisions\/31420"}],"wp:attachment":[{"href":"http:\/\/archiv.szolnoktv.hu\/index.php?rest_route=%2Fwp%2Fv2%2Fmedia&parent=31071"}],"wp:term":[{"taxonomy":"category","embeddable":true,"href":"http:\/\/archiv.szolnoktv.hu\/index.php?rest_route=%2Fwp%2Fv2%2Fcategories&post=31071"},{"taxonomy":"post_tag","embeddable":true,"href":"http:\/\/archiv.szolnoktv.hu\/index.php?rest_route=%2Fwp%2Fv2%2Ftags&post=31071"}],"curies":[{"name":"wp","href":"https:\/\/api.w.org\/{rel}","templated":true}]}}