{"id":31069,"date":"2008-04-09T15:11:14","date_gmt":"2008-04-09T15:11:14","guid":{"rendered":"http:\/\/archiv.szolnoktv.hu\/?p=31069"},"modified":"2021-11-17T13:59:49","modified_gmt":"2021-11-17T13:59:49","slug":"lena-szancova-kiallitas","status":"publish","type":"post","link":"http:\/\/archiv.szolnoktv.hu\/?p=31069","title":{"rendered":"L\u00e9na Szancova ki\u00e1ll\u00edt\u00e1s"},"content":{"rendered":"<div class='booster-block booster-read-block'><\/div><p>Hazai bemutatkoz\u00e1s. L\u00e9na Szancova festm\u00e9nyeib\u0151l ny\u00edlt ki\u00e1ll\u00edt\u00e1s a HOZAM Klubban. A fest\u0151- m\u00e9ltat\u00f3i szerint az \u00e9vek sor\u00e1n an\u00e9lk\u00fcl v\u00e1lt szolnokiv\u00e1, hogy valaha is feladta volna az orosz k\u00e9pz\u0151m\u0171v\u00e9szetb\u0151l t\u00e1pl\u00e1lkoz\u00f3 gy\u00f6kereit.<br \/>\nSzeretik, \u00e9pp ez\u00e9rt visszav\u00e1rj\u00e1k&#8230;. A HOZAM Gal\u00e9ria tal\u00e1n legn\u00e9pszer\u0171bb fest\u0151je a munk\u00e1ival rendszeresen bemutatkoz\u00f3 L\u00e9na Szancova. A megyesz\u00e9khely soksz\u00edn\u0171 kort\u00e1rs k\u00e9pz\u0151m\u0171v\u00e9sz g\u00e1rd\u00e1j\u00e1nak kev\u00e9s karakteresebb sz\u00ednfoltja van, mint a szl\u00e1v hangulat eredetis\u00e9g\u00e9t mag\u00e1ban hordoz\u00f3 m\u0171v\u00e9sz. K\u00e9pei an\u00e9lk\u00fcl v\u00e1ltak szolnokiv\u00e1, hogy valaha is elt\u00e1volodtak volna az orosz fest\u0151iskola hagyom\u00e1nyait\u00f3l. Munk\u00e1i harm\u00f3ni\u00e1r\u00f3l, \u00e9rz\u00e9kis\u00e9gr\u0151l mes\u00e9lnek&#8230; mindez tal\u00e1n visszavezethet\u0151 a di\u00e1k\u00e9vekre, a k\u00f6lt\u00e9szet ir\u00e1nti vonz\u00f3d\u00e1sra. S b\u00e1r a sors az \u00f6nkifejez\u00e9s egy m\u00e1sik eszk\u00f6z\u00e9t adta v\u00e9g\u00fcl a kez\u00e9be- az ecset nyom\u00e1n k\u00e9pr\u0151l- k\u00e9pre \u00f6ssze\u00e1ll a fest\u0151k saj\u00e1tj\u00e1nak tekinthet\u0151 plusz. L\u00e9na Szancova ki\u00e1ll\u00edt\u00e1sa \u00e1prilis 28.- ig v\u00e1rja az \u00e9rdekl\u0151d\u0151ket.<\/p>\n","protected":false},"excerpt":{"rendered":"<p>Hazai bemutatkoz\u00e1s. L\u00e9na Szancova festm\u00e9nyeib\u0151l ny\u00edlt ki\u00e1ll\u00edt\u00e1s a HOZAM Klubban. A fest\u0151- m\u00e9ltat\u00f3i szerint az \u00e9vek sor\u00e1n an\u00e9lk\u00fcl v\u00e1lt szolnokiv\u00e1, hogy valaha is feladta volna az orosz k\u00e9pz\u0151m\u0171v\u00e9szetb\u0151l t\u00e1pl\u00e1lkoz\u00f3 gy\u00f6kereit. Szeretik, \u00e9pp ez\u00e9rt visszav\u00e1rj\u00e1k&#8230;. A HOZAM Gal\u00e9ria tal\u00e1n legn\u00e9pszer\u0171bb fest\u0151je a munk\u00e1ival rendszeresen bemutatkoz\u00f3 L\u00e9na Szancova. A megyesz\u00e9khely soksz\u00edn\u0171 kort\u00e1rs k\u00e9pz\u0151m\u0171v\u00e9sz g\u00e1rd\u00e1j\u00e1nak kev\u00e9s karakteresebb sz\u00ednfoltja [&hellip;]<\/p>\n","protected":false},"author":2,"featured_media":0,"comment_status":"open","ping_status":"open","sticky":false,"template":"","format":"standard","meta":[],"categories":[24],"tags":[],"_links":{"self":[{"href":"http:\/\/archiv.szolnoktv.hu\/index.php?rest_route=\/wp\/v2\/posts\/31069"}],"collection":[{"href":"http:\/\/archiv.szolnoktv.hu\/index.php?rest_route=\/wp\/v2\/posts"}],"about":[{"href":"http:\/\/archiv.szolnoktv.hu\/index.php?rest_route=\/wp\/v2\/types\/post"}],"author":[{"embeddable":true,"href":"http:\/\/archiv.szolnoktv.hu\/index.php?rest_route=\/wp\/v2\/users\/2"}],"replies":[{"embeddable":true,"href":"http:\/\/archiv.szolnoktv.hu\/index.php?rest_route=%2Fwp%2Fv2%2Fcomments&post=31069"}],"version-history":[{"count":1,"href":"http:\/\/archiv.szolnoktv.hu\/index.php?rest_route=\/wp\/v2\/posts\/31069\/revisions"}],"predecessor-version":[{"id":31422,"href":"http:\/\/archiv.szolnoktv.hu\/index.php?rest_route=\/wp\/v2\/posts\/31069\/revisions\/31422"}],"wp:attachment":[{"href":"http:\/\/archiv.szolnoktv.hu\/index.php?rest_route=%2Fwp%2Fv2%2Fmedia&parent=31069"}],"wp:term":[{"taxonomy":"category","embeddable":true,"href":"http:\/\/archiv.szolnoktv.hu\/index.php?rest_route=%2Fwp%2Fv2%2Fcategories&post=31069"},{"taxonomy":"post_tag","embeddable":true,"href":"http:\/\/archiv.szolnoktv.hu\/index.php?rest_route=%2Fwp%2Fv2%2Ftags&post=31069"}],"curies":[{"name":"wp","href":"https:\/\/api.w.org\/{rel}","templated":true}]}}