{"id":31068,"date":"2008-04-09T15:10:35","date_gmt":"2008-04-09T15:10:35","guid":{"rendered":"http:\/\/archiv.szolnoktv.hu\/?p=31068"},"modified":"2021-11-17T13:59:49","modified_gmt":"2021-11-17T13:59:49","slug":"baleset-a-thokoly-uton","status":"publish","type":"post","link":"http:\/\/archiv.szolnoktv.hu\/?p=31068","title":{"rendered":"Baleset a Th\u00f6k\u00f6ly \u00faton"},"content":{"rendered":"<div class='booster-block booster-read-block'><\/div><p>Nem sokkal tizenegy \u00f3ra ut\u00e1n megb\u00e9nul a Th\u00f6k\u00f6ly \u00fat forgalma. H\u00e1rom aut\u00f3 \u00fctk\u00f6z\u00f6tt \u00f6ssze a fel\u00fclj\u00e1r\u00f3t\u00f3l nem messze, a rend\u0151rs\u00e9g teljes \u00fatz\u00e1rat rendelt el.<br \/>\nTizenegy \u00f3ra ut\u00e1n n\u00e9h\u00e1ny perccel s\u00falyos baleset t\u00f6rt\u00e9nt a Th\u00f6k\u00f6ly \u00faton. Egy kisteheraut\u00f3 sof\u0151rje figyelmetlen\u00fcl kanyarodott ki az egyik mell\u00e9kutc\u00e1b\u00f3l, \u00e9s \u00f6ssze\u00fctk\u00f6z\u00f6tt egy szem\u00e9lyaut\u00f3val. A balesetben h\u00e1rman s\u00falyosan megs\u00e9r\u00fcltek, \u0151ket a ment\u0151k k\u00f3rh\u00e1zba sz\u00e1ll\u00edtott\u00e1k. A ment\u00e9s \u00e9s a helysz\u00ednel\u00e9s idej\u00e9re a rend\u0151rs\u00e9g teljes \u00fatz\u00e1rt rendelt el, percek alatt \u00f3ri\u00e1si dug\u00f3 alakult ki a v\u00e1rosr\u00e9szben. A forgalom a kora d\u00e9lut\u00e1ni \u00f3r\u00e1kban \u00e1llt helyre.<\/p>\n","protected":false},"excerpt":{"rendered":"<p>Nem sokkal tizenegy \u00f3ra ut\u00e1n megb\u00e9nul a Th\u00f6k\u00f6ly \u00fat forgalma. H\u00e1rom aut\u00f3 \u00fctk\u00f6z\u00f6tt \u00f6ssze a fel\u00fclj\u00e1r\u00f3t\u00f3l nem messze, a rend\u0151rs\u00e9g teljes \u00fatz\u00e1rat rendelt el. Tizenegy \u00f3ra ut\u00e1n n\u00e9h\u00e1ny perccel s\u00falyos baleset t\u00f6rt\u00e9nt a Th\u00f6k\u00f6ly \u00faton. Egy kisteheraut\u00f3 sof\u0151rje figyelmetlen\u00fcl kanyarodott ki az egyik mell\u00e9kutc\u00e1b\u00f3l, \u00e9s \u00f6ssze\u00fctk\u00f6z\u00f6tt egy szem\u00e9lyaut\u00f3val. A balesetben h\u00e1rman s\u00falyosan megs\u00e9r\u00fcltek, \u0151ket a [&hellip;]<\/p>\n","protected":false},"author":2,"featured_media":0,"comment_status":"open","ping_status":"open","sticky":false,"template":"","format":"standard","meta":[],"categories":[24],"tags":[],"_links":{"self":[{"href":"http:\/\/archiv.szolnoktv.hu\/index.php?rest_route=\/wp\/v2\/posts\/31068"}],"collection":[{"href":"http:\/\/archiv.szolnoktv.hu\/index.php?rest_route=\/wp\/v2\/posts"}],"about":[{"href":"http:\/\/archiv.szolnoktv.hu\/index.php?rest_route=\/wp\/v2\/types\/post"}],"author":[{"embeddable":true,"href":"http:\/\/archiv.szolnoktv.hu\/index.php?rest_route=\/wp\/v2\/users\/2"}],"replies":[{"embeddable":true,"href":"http:\/\/archiv.szolnoktv.hu\/index.php?rest_route=%2Fwp%2Fv2%2Fcomments&post=31068"}],"version-history":[{"count":1,"href":"http:\/\/archiv.szolnoktv.hu\/index.php?rest_route=\/wp\/v2\/posts\/31068\/revisions"}],"predecessor-version":[{"id":31423,"href":"http:\/\/archiv.szolnoktv.hu\/index.php?rest_route=\/wp\/v2\/posts\/31068\/revisions\/31423"}],"wp:attachment":[{"href":"http:\/\/archiv.szolnoktv.hu\/index.php?rest_route=%2Fwp%2Fv2%2Fmedia&parent=31068"}],"wp:term":[{"taxonomy":"category","embeddable":true,"href":"http:\/\/archiv.szolnoktv.hu\/index.php?rest_route=%2Fwp%2Fv2%2Fcategories&post=31068"},{"taxonomy":"post_tag","embeddable":true,"href":"http:\/\/archiv.szolnoktv.hu\/index.php?rest_route=%2Fwp%2Fv2%2Ftags&post=31068"}],"curies":[{"name":"wp","href":"https:\/\/api.w.org\/{rel}","templated":true}]}}