{"id":31065,"date":"2008-04-08T16:25:47","date_gmt":"2008-04-08T16:25:47","guid":{"rendered":"http:\/\/archiv.szolnoktv.hu\/?p=31065"},"modified":"2021-11-17T13:59:49","modified_gmt":"2021-11-17T13:59:49","slug":"tiszaliget-tervpalyazat-kiallitas","status":"publish","type":"post","link":"http:\/\/archiv.szolnoktv.hu\/?p=31065","title":{"rendered":"Tiszaliget tervp\u00e1ly\u00e1zat ki\u00e1ll\u00edt\u00e1s"},"content":{"rendered":"<div class='booster-block booster-read-block'><\/div><p>K\u00f6z\u00f6ns\u00e9g el\u0151tt a legjobbak. A bek\u00fcld\u00f6tt m\u0171vek k\u00f6z\u00fcl \u00f6sszesen n\u00e9gyet v\u00e1lasztott ki a Tiszaligeti Term\u00e1lf\u00fcrd\u0151 \u00e9s Rekre\u00e1ci\u00f3s K\u00f6zpont \u00e9p\u00edt\u00e9szeti- m\u0171szaki el\u0151k\u00e9sz\u00edt\u00e9s\u00e9\u00e9rt felel\u0151s gr\u00e9mium. Az elismert p\u00e1lyamunk\u00e1kb\u00f3l a Tisza-Part Moziban ny\u00edlt ki\u00e1ll\u00edt\u00e1s.<br \/>\nMegsz\u00fcletett a d\u00f6nt\u00e9s- \u00e1m ez m\u00e9g kor\u00e1ntsem jelenti azt, hogy magunk el\u00e9 k\u00e9pzelhetj\u00fck a Tiszaligetben \u00e9p\u00fcl\u0151 term\u00e1l- \u00e9s rekre\u00e1ci\u00f3s k\u00f6zpont v\u00e9gleges k\u00e9p\u00e9t. A p\u00e1ly\u00e1zatra be\u00e9rkezett 18 munk\u00e1b\u00f3l a zs\u0171riz\u00e9ssel megb\u00edzott b\u00edr\u00e1l\u00f3bizotts\u00e1g n\u00e9gyet v\u00e1lasztott ki. A d\u00f6ntn\u00f6k\u00f6k nem adtak ki els\u0151 d\u00edjat, ellenben fej- fej mellett k\u00e9t p\u00e1ly\u00e1zat is m\u00e1sodik helyez\u00e9st \u00e9rt el. Az egyiket Kismarosr\u00f3l, a m\u00e1sikat Budapestr\u0151l k\u00fcldt\u00e9k be. \u00c9rt\u00e9kes elemeket tartalmaz a harmadik- szint\u00e9n budapestr\u0151l be\u00e9rkezett p\u00e1ly\u00e1zat is, \u00e1m a legfuturisztikusabb elk\u00e9pzel\u00e9s m\u00e9giscsak az a cegl\u00e9di \u00e9p\u00edt\u00e9szek \u00e1ltal bek\u00fcld\u00f6tt &#8220;megv\u00e9telt nyert&#8221;&#8221; l\u00e1tv\u00e1nyterv<br \/>\nami kish\u00edj\u00e1n nyer\u0151 &#8230; csak\u00e9pp a leend\u0151 gyalogos h\u00edddal nem sz\u00e1mol. A budapesti valamint megyei \u00e9p\u00edt\u00e9szekb\u0151l \u00e1ll\u00f3 gr\u00e9mium most a d\u00edjzott munk\u00e1k elemeit igyekszik \u00f6sszegy\u00farni \u00fagy<br \/>\nhogy a kiv\u00e1lasztott p\u00e1ly\u00e1z\u00f3k egyik\u00e9vel szerz\u0151dve \u00f6ssze\u00e1lljon a v\u00e9gleges k\u00e9p. A legjobbnak \u00edt\u00e9lt terveket a Tisza- P- Art moziban \u00e1ll\u00edtott\u00e1k ki.  &#8220;<\/p>\n","protected":false},"excerpt":{"rendered":"<p>K\u00f6z\u00f6ns\u00e9g el\u0151tt a legjobbak. A bek\u00fcld\u00f6tt m\u0171vek k\u00f6z\u00fcl \u00f6sszesen n\u00e9gyet v\u00e1lasztott ki a Tiszaligeti Term\u00e1lf\u00fcrd\u0151 \u00e9s Rekre\u00e1ci\u00f3s K\u00f6zpont \u00e9p\u00edt\u00e9szeti- m\u0171szaki el\u0151k\u00e9sz\u00edt\u00e9s\u00e9\u00e9rt felel\u0151s gr\u00e9mium. Az elismert p\u00e1lyamunk\u00e1kb\u00f3l a Tisza-Part Moziban ny\u00edlt ki\u00e1ll\u00edt\u00e1s. Megsz\u00fcletett a d\u00f6nt\u00e9s- \u00e1m ez m\u00e9g kor\u00e1ntsem jelenti azt, hogy magunk el\u00e9 k\u00e9pzelhetj\u00fck a Tiszaligetben \u00e9p\u00fcl\u0151 term\u00e1l- \u00e9s rekre\u00e1ci\u00f3s k\u00f6zpont v\u00e9gleges k\u00e9p\u00e9t. A p\u00e1ly\u00e1zatra [&hellip;]<\/p>\n","protected":false},"author":2,"featured_media":0,"comment_status":"open","ping_status":"open","sticky":false,"template":"","format":"standard","meta":[],"categories":[24],"tags":[],"_links":{"self":[{"href":"http:\/\/archiv.szolnoktv.hu\/index.php?rest_route=\/wp\/v2\/posts\/31065"}],"collection":[{"href":"http:\/\/archiv.szolnoktv.hu\/index.php?rest_route=\/wp\/v2\/posts"}],"about":[{"href":"http:\/\/archiv.szolnoktv.hu\/index.php?rest_route=\/wp\/v2\/types\/post"}],"author":[{"embeddable":true,"href":"http:\/\/archiv.szolnoktv.hu\/index.php?rest_route=\/wp\/v2\/users\/2"}],"replies":[{"embeddable":true,"href":"http:\/\/archiv.szolnoktv.hu\/index.php?rest_route=%2Fwp%2Fv2%2Fcomments&post=31065"}],"version-history":[{"count":1,"href":"http:\/\/archiv.szolnoktv.hu\/index.php?rest_route=\/wp\/v2\/posts\/31065\/revisions"}],"predecessor-version":[{"id":31426,"href":"http:\/\/archiv.szolnoktv.hu\/index.php?rest_route=\/wp\/v2\/posts\/31065\/revisions\/31426"}],"wp:attachment":[{"href":"http:\/\/archiv.szolnoktv.hu\/index.php?rest_route=%2Fwp%2Fv2%2Fmedia&parent=31065"}],"wp:term":[{"taxonomy":"category","embeddable":true,"href":"http:\/\/archiv.szolnoktv.hu\/index.php?rest_route=%2Fwp%2Fv2%2Fcategories&post=31065"},{"taxonomy":"post_tag","embeddable":true,"href":"http:\/\/archiv.szolnoktv.hu\/index.php?rest_route=%2Fwp%2Fv2%2Ftags&post=31065"}],"curies":[{"name":"wp","href":"https:\/\/api.w.org\/{rel}","templated":true}]}}