{"id":31064,"date":"2008-04-08T16:25:30","date_gmt":"2008-04-08T16:25:30","guid":{"rendered":"http:\/\/archiv.szolnoktv.hu\/?p=31064"},"modified":"2021-11-17T13:59:49","modified_gmt":"2021-11-17T13:59:49","slug":"egy-eve-zart-be-a-szovetseg-abc","status":"publish","type":"post","link":"http:\/\/archiv.szolnoktv.hu\/?p=31064","title":{"rendered":"Egy \u00e9ve z\u00e1rt be a Sz\u00f6vets\u00e9g ABC"},"content":{"rendered":"<div class='booster-block booster-read-block'><\/div><p>K\u00e9t h\u00e9ten bel\u00fcl kider\u00fcl, mi lesz az egykori Sz\u00f6vets\u00e9g ABC-vel. Az \u00e9p\u00fclet egy \u00e9ve \u00fcresen \u00e1ll, az \u00fczlet egy ingatlanfejleszt\u0151 c\u00e9g tulajdona.<br \/>\nEgy \u00e9vvel ezel\u0151tt, \u00e1prilis 7-\u00e9n nyitott ki utolj\u00e1ra a Sz\u00f6vets\u00e9g ABC. Az \u00e9lelmiszer \u00e1ruh\u00e1zat a COOP \u00fczemeltette. A hazai \u00fczletl\u00e1nc b\u00e9rleti szerz\u0151d\u00e9se lej\u00e1rt, a tulajdonossal pedig nem siker\u00fclt megegyezni. Tavaly az Aktu\u00e1lis megkeres\u00e9s\u00e9re Csepeli Lajos, a COOP Szolnok vez\u00e9rigazgat\u00f3ja azt mondta, hogy gondoltak az ingatlan megv\u00e1s\u00e1rl\u00e1s\u00e1ra is, de a v\u00e9tel\u00e1rban sem jutottak d\u0171l\u0151re, mik\u00f6zben az ingatlan fel\u00faj\u00edt\u00e1s\u00e1ra is k\u00f6lteni kellett volna, t\u00edzmilli\u00f3s nagys\u00e1grendben. Az\u00f3ta az \u00fczlethelyis\u00e9g \u00fcresen \u00e1ll. Telefonon az ingatlan tulajdonosa azt \u00edg\u00e9rte, k\u00e9t h\u00e9ten bel\u00fcl t\u00e1j\u00e9koztat\u00e1st ad a tov\u00e1bbi hasznos\u00edt\u00e1st illet\u0151en. Mindenesetre tavaly \u00e1prilisban azt nyilatkozta: nemcsak a Sz\u00f6vets\u00e9g elnevez\u00e9st szeretn\u00e9k megtartani, hanem a kereskedelmi funkci\u00f3t is. Egyben olyan b\u00e9rl\u0151 kiv\u00e1laszt\u00e1s\u00e1ra t\u00f6rekednek, amelyik a kor k\u00f6vetelm\u00e9nyeinek megfelel\u0151 fel\u00faj\u00edt\u00e1st is v\u00e1llaln\u00e1.<\/p>\n","protected":false},"excerpt":{"rendered":"<p>K\u00e9t h\u00e9ten bel\u00fcl kider\u00fcl, mi lesz az egykori Sz\u00f6vets\u00e9g ABC-vel. Az \u00e9p\u00fclet egy \u00e9ve \u00fcresen \u00e1ll, az \u00fczlet egy ingatlanfejleszt\u0151 c\u00e9g tulajdona. Egy \u00e9vvel ezel\u0151tt, \u00e1prilis 7-\u00e9n nyitott ki utolj\u00e1ra a Sz\u00f6vets\u00e9g ABC. Az \u00e9lelmiszer \u00e1ruh\u00e1zat a COOP \u00fczemeltette. A hazai \u00fczletl\u00e1nc b\u00e9rleti szerz\u0151d\u00e9se lej\u00e1rt, a tulajdonossal pedig nem siker\u00fclt megegyezni. Tavaly az Aktu\u00e1lis megkeres\u00e9s\u00e9re [&hellip;]<\/p>\n","protected":false},"author":2,"featured_media":0,"comment_status":"open","ping_status":"open","sticky":false,"template":"","format":"standard","meta":[],"categories":[24],"tags":[],"_links":{"self":[{"href":"http:\/\/archiv.szolnoktv.hu\/index.php?rest_route=\/wp\/v2\/posts\/31064"}],"collection":[{"href":"http:\/\/archiv.szolnoktv.hu\/index.php?rest_route=\/wp\/v2\/posts"}],"about":[{"href":"http:\/\/archiv.szolnoktv.hu\/index.php?rest_route=\/wp\/v2\/types\/post"}],"author":[{"embeddable":true,"href":"http:\/\/archiv.szolnoktv.hu\/index.php?rest_route=\/wp\/v2\/users\/2"}],"replies":[{"embeddable":true,"href":"http:\/\/archiv.szolnoktv.hu\/index.php?rest_route=%2Fwp%2Fv2%2Fcomments&post=31064"}],"version-history":[{"count":1,"href":"http:\/\/archiv.szolnoktv.hu\/index.php?rest_route=\/wp\/v2\/posts\/31064\/revisions"}],"predecessor-version":[{"id":31427,"href":"http:\/\/archiv.szolnoktv.hu\/index.php?rest_route=\/wp\/v2\/posts\/31064\/revisions\/31427"}],"wp:attachment":[{"href":"http:\/\/archiv.szolnoktv.hu\/index.php?rest_route=%2Fwp%2Fv2%2Fmedia&parent=31064"}],"wp:term":[{"taxonomy":"category","embeddable":true,"href":"http:\/\/archiv.szolnoktv.hu\/index.php?rest_route=%2Fwp%2Fv2%2Fcategories&post=31064"},{"taxonomy":"post_tag","embeddable":true,"href":"http:\/\/archiv.szolnoktv.hu\/index.php?rest_route=%2Fwp%2Fv2%2Ftags&post=31064"}],"curies":[{"name":"wp","href":"https:\/\/api.w.org\/{rel}","templated":true}]}}