{"id":31062,"date":"2008-04-08T16:24:55","date_gmt":"2008-04-08T16:24:55","guid":{"rendered":"http:\/\/archiv.szolnoktv.hu\/?p=31062"},"modified":"2021-11-17T13:59:49","modified_gmt":"2021-11-17T13:59:49","slug":"sohaz-uti-tablaerdo","status":"publish","type":"post","link":"http:\/\/archiv.szolnoktv.hu\/?p=31062","title":{"rendered":"S\u00f3h\u00e1z \u00fati t\u00e1blaerd\u0151"},"content":{"rendered":"<div class='booster-block booster-read-block'><\/div><p>Meg\u00e1llni tilos t\u00e1bl\u00e1k kontra parkol\u00f3 aut\u00f3k a S\u00f3h\u00e1z \u00faton. A nemr\u00e9g megv\u00e1ltozott forgalmi rendet \u00e9s parkol\u00e1si szab\u00e1lyokat a szolnoki aut\u00f3sok t\u00f6bbs\u00e9ge nem veszi figyelembe. A helyzetet nehez\u00edti az is, hogy sok helyen m\u00e9g l\u00e1tszik a r\u00e9gi parkol\u00f3helyek felfest\u00e9se.<br \/>\nHi\u00e1ba zs\u00e1kutca a S\u00f3h\u00e1z \u00fat egyik szakasza, a jogszab\u00e1lyi el\u0151\u00edr\u00e1sok miatt csak az egyik oldalon lehet parkolni. Azaz a Verseghy Ferenc Gimn\u00e1zium el\u0151tt szab\u00e1lytalan meg\u00e1llni, a park fel\u0151l viszont a vas\u00e1rnapi parkol\u00e1st korl\u00e1toz\u00f3 t\u00e1bl\u00e1t figyelembe v\u00e9ve nyugodtan meg\u00e1llhatunk &#8211; mivel a belv\u00e1rosban vagyunk &#8211; term\u00e9szetesen p\u00e9nz\u00e9rt. Sok aut\u00f3st azonban megt\u00e9veszt a r\u00e9gi parkol\u00f3k felfest\u00e9se. Fodor Gy\u00f6rgy, a M\u0171szaki Fejleszt\u00e9si Oszt\u00e1ly vezet\u0151je elmondta: a kresz pontosan r\u00f6gz\u00edti, hogy ilyen esetben a fest\u00e9s helyett a t\u00e1bl\u00e1kat kell figyelembe venni. A S\u00f3h\u00e1z \u00fat Magyar utc\u00e1t\u00f3l a Szap\u00e1ry \u00fatig terjed\u0151 szakasz\u00e1t nemr\u00e9g k\u00e9tir\u00e1ny\u00fas\u00edtott\u00e1k, \u00edgy ott az \u00fat keskenys\u00e9ge miatt a parkol\u00e1si lehet\u0151s\u00e9g mindk\u00e9t oldalon megsz\u0171nt. Azok az aut\u00f3sok, akik a tilt\u00f3 t\u00e1bl\u00e1k ellen\u00e9re meg\u00e1llnak, b\u00fcntet\u00e9sre sz\u00e1m\u00edthatnak.<\/p>\n","protected":false},"excerpt":{"rendered":"<p>Meg\u00e1llni tilos t\u00e1bl\u00e1k kontra parkol\u00f3 aut\u00f3k a S\u00f3h\u00e1z \u00faton. A nemr\u00e9g megv\u00e1ltozott forgalmi rendet \u00e9s parkol\u00e1si szab\u00e1lyokat a szolnoki aut\u00f3sok t\u00f6bbs\u00e9ge nem veszi figyelembe. A helyzetet nehez\u00edti az is, hogy sok helyen m\u00e9g l\u00e1tszik a r\u00e9gi parkol\u00f3helyek felfest\u00e9se. Hi\u00e1ba zs\u00e1kutca a S\u00f3h\u00e1z \u00fat egyik szakasza, a jogszab\u00e1lyi el\u0151\u00edr\u00e1sok miatt csak az egyik oldalon lehet parkolni. [&hellip;]<\/p>\n","protected":false},"author":2,"featured_media":0,"comment_status":"open","ping_status":"open","sticky":false,"template":"","format":"standard","meta":[],"categories":[24],"tags":[],"_links":{"self":[{"href":"http:\/\/archiv.szolnoktv.hu\/index.php?rest_route=\/wp\/v2\/posts\/31062"}],"collection":[{"href":"http:\/\/archiv.szolnoktv.hu\/index.php?rest_route=\/wp\/v2\/posts"}],"about":[{"href":"http:\/\/archiv.szolnoktv.hu\/index.php?rest_route=\/wp\/v2\/types\/post"}],"author":[{"embeddable":true,"href":"http:\/\/archiv.szolnoktv.hu\/index.php?rest_route=\/wp\/v2\/users\/2"}],"replies":[{"embeddable":true,"href":"http:\/\/archiv.szolnoktv.hu\/index.php?rest_route=%2Fwp%2Fv2%2Fcomments&post=31062"}],"version-history":[{"count":1,"href":"http:\/\/archiv.szolnoktv.hu\/index.php?rest_route=\/wp\/v2\/posts\/31062\/revisions"}],"predecessor-version":[{"id":31429,"href":"http:\/\/archiv.szolnoktv.hu\/index.php?rest_route=\/wp\/v2\/posts\/31062\/revisions\/31429"}],"wp:attachment":[{"href":"http:\/\/archiv.szolnoktv.hu\/index.php?rest_route=%2Fwp%2Fv2%2Fmedia&parent=31062"}],"wp:term":[{"taxonomy":"category","embeddable":true,"href":"http:\/\/archiv.szolnoktv.hu\/index.php?rest_route=%2Fwp%2Fv2%2Fcategories&post=31062"},{"taxonomy":"post_tag","embeddable":true,"href":"http:\/\/archiv.szolnoktv.hu\/index.php?rest_route=%2Fwp%2Fv2%2Ftags&post=31062"}],"curies":[{"name":"wp","href":"https:\/\/api.w.org\/{rel}","templated":true}]}}