{"id":31061,"date":"2008-04-08T16:24:41","date_gmt":"2008-04-08T16:24:41","guid":{"rendered":"http:\/\/archiv.szolnoktv.hu\/?p=31061"},"modified":"2021-11-17T13:59:49","modified_gmt":"2021-11-17T13:59:49","slug":"regionalis-kiadvany","status":"publish","type":"post","link":"http:\/\/archiv.szolnoktv.hu\/?p=31061","title":{"rendered":"Region\u00e1lis kiadv\u00e1ny"},"content":{"rendered":"<div class='booster-block booster-read-block'><\/div><p>Hi\u00e1nyp\u00f3tl\u00f3 kiadv\u00e1ny Szolnok \u00e9s t\u00e9rs\u00e9g\u00e9r\u0151l. A K\u00e1rp\u00e1t-medence r\u00e9gi\u00f3i-monogr\u00e1fiasorozat most elk\u00e9sz\u00fclt, \u00c9szak-Alf\u00f6ldet felt\u00e1r\u00f3 k\u00f6tete els\u0151k\u00e9nt foglalkozik a rendszerv\u00e1lt\u00e1st k\u00f6vet\u0151 region\u00e1lis, ter\u00fcleti, gazdas\u00e1gi \u00e9s t\u00e1rsadalmi folyamatokkal, valamint azok k\u00f6vetkezm\u00e9nyeivel.<br \/>\nA Magyar Tudom\u00e1nyos Akad\u00e9mia monogr\u00e1fiasorozata a K\u00e1rp\u00e1t-medence r\u00e9gi\u00f3inak helyzet\u00e9t, t\u00e9rbeli folyamatait elemzi.<br \/>A sorozat nemr\u00e9g elk\u00e9sz\u00fclt k\u00f6tete az \u00c9szak-alf\u00f6ldi r\u00e9gi\u00f3 t\u00e1rsadalmi-gazdas\u00e1gi \u00e1llapot\u00e1t mutatja be \u00e9s a fejl\u0151d\u00e9s k\u00fcl\u00f6nb\u00f6z\u0151 t\u00e9nyez\u0151it m\u00e9ri fel. A monogr\u00e1fia t\u00f6bbek k\u00f6z\u00f6tt foglalkozik a t\u00e9rs\u00e9g n\u00e9pess\u00e9gi \u00e9s munkaer\u0151piaci helyzet\u00e9vel, gazdas\u00e1g\u00e1val, telep\u00fcl\u00e9s\u00e1llom\u00e1ny\u00e1val, helyzet\u00e9vel \u00e9s fejleszt\u00e9s\u00e9vel, valamint a turizmussal. Ez az els\u0151 olyan tanulm\u00e1nyk\u00f6tet, amely a rendszerv\u00e1lt\u00e1s ut\u00e1ni t\u00e1rsadalmi \u00e9s gazdas\u00e1gi folyamatokat is elemzi \u00e9s foglalkozik azok tendenci\u00e1ival is. A kiadv\u00e1ny azt a c\u00e9lt szolg\u00e1lja, hogy a kutat\u00e1si eredm\u00e9nyek k\u00f6zread\u00e1s\u00e1val seg\u00edtse a r\u00e9gi\u00f3n bel\u00fcli egyenl\u0151tlens\u00e9gek cs\u00f6kkent\u00e9s\u00e9t, az elmaradott t\u00e9rs\u00e9gek felz\u00e1rk\u00f3ztat\u00e1s\u00e1t, a telep\u00fcl\u00e9sek k\u00f6z\u00f6tti fejletts\u00e9gbeli k\u00fcl\u00f6nbs\u00e9gek m\u00e9rs\u00e9kl\u00e9s\u00e9t \u00e9s az es\u00e9lyegyenl\u0151s\u00e9g megteremt\u00e9s\u00e9t.<\/p>\n","protected":false},"excerpt":{"rendered":"<p>Hi\u00e1nyp\u00f3tl\u00f3 kiadv\u00e1ny Szolnok \u00e9s t\u00e9rs\u00e9g\u00e9r\u0151l. A K\u00e1rp\u00e1t-medence r\u00e9gi\u00f3i-monogr\u00e1fiasorozat most elk\u00e9sz\u00fclt, \u00c9szak-Alf\u00f6ldet felt\u00e1r\u00f3 k\u00f6tete els\u0151k\u00e9nt foglalkozik a rendszerv\u00e1lt\u00e1st k\u00f6vet\u0151 region\u00e1lis, ter\u00fcleti, gazdas\u00e1gi \u00e9s t\u00e1rsadalmi folyamatokkal, valamint azok k\u00f6vetkezm\u00e9nyeivel. A Magyar Tudom\u00e1nyos Akad\u00e9mia monogr\u00e1fiasorozata a K\u00e1rp\u00e1t-medence r\u00e9gi\u00f3inak helyzet\u00e9t, t\u00e9rbeli folyamatait elemzi.A sorozat nemr\u00e9g elk\u00e9sz\u00fclt k\u00f6tete az \u00c9szak-alf\u00f6ldi r\u00e9gi\u00f3 t\u00e1rsadalmi-gazdas\u00e1gi \u00e1llapot\u00e1t mutatja be \u00e9s a fejl\u0151d\u00e9s k\u00fcl\u00f6nb\u00f6z\u0151 t\u00e9nyez\u0151it [&hellip;]<\/p>\n","protected":false},"author":2,"featured_media":0,"comment_status":"open","ping_status":"open","sticky":false,"template":"","format":"standard","meta":[],"categories":[24],"tags":[],"_links":{"self":[{"href":"http:\/\/archiv.szolnoktv.hu\/index.php?rest_route=\/wp\/v2\/posts\/31061"}],"collection":[{"href":"http:\/\/archiv.szolnoktv.hu\/index.php?rest_route=\/wp\/v2\/posts"}],"about":[{"href":"http:\/\/archiv.szolnoktv.hu\/index.php?rest_route=\/wp\/v2\/types\/post"}],"author":[{"embeddable":true,"href":"http:\/\/archiv.szolnoktv.hu\/index.php?rest_route=\/wp\/v2\/users\/2"}],"replies":[{"embeddable":true,"href":"http:\/\/archiv.szolnoktv.hu\/index.php?rest_route=%2Fwp%2Fv2%2Fcomments&post=31061"}],"version-history":[{"count":1,"href":"http:\/\/archiv.szolnoktv.hu\/index.php?rest_route=\/wp\/v2\/posts\/31061\/revisions"}],"predecessor-version":[{"id":31430,"href":"http:\/\/archiv.szolnoktv.hu\/index.php?rest_route=\/wp\/v2\/posts\/31061\/revisions\/31430"}],"wp:attachment":[{"href":"http:\/\/archiv.szolnoktv.hu\/index.php?rest_route=%2Fwp%2Fv2%2Fmedia&parent=31061"}],"wp:term":[{"taxonomy":"category","embeddable":true,"href":"http:\/\/archiv.szolnoktv.hu\/index.php?rest_route=%2Fwp%2Fv2%2Fcategories&post=31061"},{"taxonomy":"post_tag","embeddable":true,"href":"http:\/\/archiv.szolnoktv.hu\/index.php?rest_route=%2Fwp%2Fv2%2Ftags&post=31061"}],"curies":[{"name":"wp","href":"https:\/\/api.w.org\/{rel}","templated":true}]}}