{"id":31058,"date":"2008-04-08T16:23:52","date_gmt":"2008-04-08T16:23:52","guid":{"rendered":"http:\/\/archiv.szolnoktv.hu\/?p=31058"},"modified":"2021-11-17T13:59:50","modified_gmt":"2021-11-17T13:59:50","slug":"amerikai-bombazoroncs-a-szolnoki-repulomuzeumban","status":"publish","type":"post","link":"http:\/\/archiv.szolnoktv.hu\/?p=31058","title":{"rendered":"Amerikai bomb\u00e1z\u00f3roncs a szolnoki rep\u00fcl\u0151m\u00fazeumban"},"content":{"rendered":"<div class='booster-block booster-read-block'><\/div><p>1944 \u00e1prilis\u00e1ban Szigetszentmikl\u00f3s felett l\u0151tte a magyar l\u00e9gelh\u00e1r\u00edt\u00e1s azt az amerikai rep\u00fcl\u0151g\u00e9pet, amelynek motorj\u00e1t siker\u00fclt megmenteni az eny\u00e9szett\u0151l. A tizenn\u00e9gy hengeres B 24- es g\u00e9p is r\u00e9szes volt a magyar vad\u00e1szg\u00e9pek t\u0151rbe csal\u00e1s\u00e1nak. A magyar pil\u00f3t\u00e1kat r\u00e1di\u00f3n magyarul t\u00e1j\u00e9koztatt\u00e1k, hogy &#8220;&#8230;gy\u00fclekez\u0151 Csepel felett 3000 m\u00e9teres magass\u00e1gban.&#8221;&#8221; Mire a magyar g\u00e9pek a tal\u00e1lkoz\u00e1si pont f\u00f6l\u00e9 \u00e9rtek<br \/>\naz amerikai harci g\u00e9pek m\u00e1r v\u00e1rtak r\u00e1juk \u00e9s lel\u0151tt\u00e9k \u0151ket. A l\u00e9gier\u0151 azonban egy amerikai g\u00e9pet eltal\u00e1lt<br \/>\namely k\u00e9nyszerlesz\u00e1ll\u00e1st hajtott v\u00e9gre Szigetszentmikl\u00f3s mellett. A g\u00e9p navig\u00e1tora Raymond Gombossy volt. Azt m\u00e9g az amerikai hadt\u00f6rt\u00e9n\u00e9szek is vizsg\u00e1lj\u00e1k<\/p>\n","protected":false},"excerpt":{"rendered":"<p>1944 \u00e1prilis\u00e1ban Szigetszentmikl\u00f3s felett l\u0151tte a magyar l\u00e9gelh\u00e1r\u00edt\u00e1s azt az amerikai rep\u00fcl\u0151g\u00e9pet, amelynek motorj\u00e1t siker\u00fclt megmenteni az eny\u00e9szett\u0151l. A tizenn\u00e9gy hengeres B 24- es g\u00e9p is r\u00e9szes volt a magyar vad\u00e1szg\u00e9pek t\u0151rbe csal\u00e1s\u00e1nak. A magyar pil\u00f3t\u00e1kat r\u00e1di\u00f3n magyarul t\u00e1j\u00e9koztatt\u00e1k, hogy &#8220;&#8230;gy\u00fclekez\u0151 Csepel felett 3000 m\u00e9teres magass\u00e1gban.&#8221;&#8221; Mire a magyar g\u00e9pek a tal\u00e1lkoz\u00e1si pont f\u00f6l\u00e9 \u00e9rtek [&hellip;]<\/p>\n","protected":false},"author":2,"featured_media":0,"comment_status":"open","ping_status":"open","sticky":false,"template":"","format":"standard","meta":[],"categories":[24],"tags":[],"_links":{"self":[{"href":"http:\/\/archiv.szolnoktv.hu\/index.php?rest_route=\/wp\/v2\/posts\/31058"}],"collection":[{"href":"http:\/\/archiv.szolnoktv.hu\/index.php?rest_route=\/wp\/v2\/posts"}],"about":[{"href":"http:\/\/archiv.szolnoktv.hu\/index.php?rest_route=\/wp\/v2\/types\/post"}],"author":[{"embeddable":true,"href":"http:\/\/archiv.szolnoktv.hu\/index.php?rest_route=\/wp\/v2\/users\/2"}],"replies":[{"embeddable":true,"href":"http:\/\/archiv.szolnoktv.hu\/index.php?rest_route=%2Fwp%2Fv2%2Fcomments&post=31058"}],"version-history":[{"count":1,"href":"http:\/\/archiv.szolnoktv.hu\/index.php?rest_route=\/wp\/v2\/posts\/31058\/revisions"}],"predecessor-version":[{"id":31433,"href":"http:\/\/archiv.szolnoktv.hu\/index.php?rest_route=\/wp\/v2\/posts\/31058\/revisions\/31433"}],"wp:attachment":[{"href":"http:\/\/archiv.szolnoktv.hu\/index.php?rest_route=%2Fwp%2Fv2%2Fmedia&parent=31058"}],"wp:term":[{"taxonomy":"category","embeddable":true,"href":"http:\/\/archiv.szolnoktv.hu\/index.php?rest_route=%2Fwp%2Fv2%2Fcategories&post=31058"},{"taxonomy":"post_tag","embeddable":true,"href":"http:\/\/archiv.szolnoktv.hu\/index.php?rest_route=%2Fwp%2Fv2%2Ftags&post=31058"}],"curies":[{"name":"wp","href":"https:\/\/api.w.org\/{rel}","templated":true}]}}