{"id":31057,"date":"2008-04-07T17:42:40","date_gmt":"2008-04-07T17:42:40","guid":{"rendered":"http:\/\/archiv.szolnoktv.hu\/?p=31057"},"modified":"2021-11-17T13:59:50","modified_gmt":"2021-11-17T13:59:50","slug":"drog-konferencia","status":"publish","type":"post","link":"http:\/\/archiv.szolnoktv.hu\/?p=31057","title":{"rendered":"Drog-konferencia"},"content":{"rendered":"<div class='booster-block booster-read-block'><\/div><p>Neh\u00e9z helyzetben a drogmegel\u0151z\u00e9s. A szenved\u00e9lybetegekkel foglalkoz\u00f3 szervezetek egyre kevesebb \u00e1llami t\u00e1mogat\u00e1sban r\u00e9szes\u00fclnek, sorra sz\u0171nnek meg az orsz\u00e1g k\u00fcl\u00f6nb\u00f6z\u0151 ter\u00fcletein az addiktol\u00f3giai oszt\u00e1lyok. Az \u00c9szak-alf\u00f6ldi Region\u00e1lis K\u00e1b\u00edt\u00f3szer\u00fcgyi Egyeztet\u0151 F\u00f3rum h\u00e9tf\u0151i szolnoki \u00fcl\u00e9s\u00e9n ez volt az egyik f\u0151 t\u00e9ma.<br \/>\nA K\u00e1b\u00edt\u00f3szer\u00fcgyi Egyeztet\u0151 F\u00f3rum egy helyi szint\u0171 tan\u00e1csad\u00f3 munkacsoport, melyet az \u00f6nkorm\u00e1nyzat k\u00f6zponti szakmai t\u00e1mogat\u00e1ssal hozott l\u00e9tre. A szervezet c\u00e9lja, hogy \u00f6sszehangolja a helyi szinten zajl\u00f3 k\u00e1b\u00edt\u00f3szer-fogyaszt\u00e1st megel\u0151z\u0151 tev\u00e9kenys\u00e9geket, el\u0151seg\u00edtse az orsz\u00e1gos, illetve nemzetk\u00f6zi p\u00e1ly\u00e1zatokon val\u00f3 r\u00e9szv\u00e9telt, emellett strat\u00e9gi\u00e1t dolgozzon ki a k\u00e1b\u00edt\u00f3szer-probl\u00e9ma kezel\u00e9s\u00e9re. Az \u00c9szak-alf\u00f6ldi R\u00e9gi\u00f3 munkacsoportj\u00e1nak mai \u00fcl\u00e9s\u00e9n a p\u00e1ly\u00e1zatok \u00e9s a szervezetek egyre nehezebb p\u00e9nz\u00fcgyi helyzete volt a f\u0151 t\u00e9ma. Topol\u00e1nszky \u00c1kos, a Nemzeti Drogmegel\u0151z\u00e9si Int\u00e9zet igazgat\u00f3helyettese hangs\u00falyozta, k\u00e1b\u00edt\u00f3szer-\u00fcgyben az \u00e1llam j\u00f3val kevesebb t\u00e1mogat\u00e1st ny\u00fajt, mint amennyire sz\u00fcks\u00e9g lenne, ez pedig az ell\u00e1t\u00e1s rov\u00e1s\u00e1ra megy. Az p\u00e9nzhi\u00e1ny Szolnokot is \u00e9rinti, hiszen itt is gondokkal k\u00fcszk\u00f6dik a szenved\u00e9lybeteg-ell\u00e1t\u00e1s. Szappanos J\u00f3zsef, a K\u00e1b\u00edt\u00f3szer\u00fcgyi Egyeztet\u0151 F\u00f3rum eln\u00f6ke elmondta: a k\u00f3rh\u00e1zban megsz\u0171nt addiktol\u00f3giai r\u00e9szleg, ez\u00e9rt gyakorlatilag ma m\u00e1r nincs addiktol\u00f3gus szakember a v\u00e1rosban. Az egyeztet\u0151 f\u00f3rumon megpr\u00f3b\u00e1ltak k\u00f6z\u00f6sen megold\u00e1st tal\u00e1lni ezekre a probl\u00e9m\u00e1kra. A k\u00fcl\u00f6nb\u00f6z\u0151 kist\u00e9rs\u00e9gi szervezetek tapasztalatokat, v\u00e9lem\u00e9nyeket cser\u00e9ltek, valamint t\u00e1j\u00e9koztat\u00e1st kaptak az aktu\u00e1lis p\u00e1ly\u00e1zati lehet\u0151s\u00e9gekr\u0151l is.<\/p>\n","protected":false},"excerpt":{"rendered":"<p>Neh\u00e9z helyzetben a drogmegel\u0151z\u00e9s. A szenved\u00e9lybetegekkel foglalkoz\u00f3 szervezetek egyre kevesebb \u00e1llami t\u00e1mogat\u00e1sban r\u00e9szes\u00fclnek, sorra sz\u0171nnek meg az orsz\u00e1g k\u00fcl\u00f6nb\u00f6z\u0151 ter\u00fcletein az addiktol\u00f3giai oszt\u00e1lyok. Az \u00c9szak-alf\u00f6ldi Region\u00e1lis K\u00e1b\u00edt\u00f3szer\u00fcgyi Egyeztet\u0151 F\u00f3rum h\u00e9tf\u0151i szolnoki \u00fcl\u00e9s\u00e9n ez volt az egyik f\u0151 t\u00e9ma. A K\u00e1b\u00edt\u00f3szer\u00fcgyi Egyeztet\u0151 F\u00f3rum egy helyi szint\u0171 tan\u00e1csad\u00f3 munkacsoport, melyet az \u00f6nkorm\u00e1nyzat k\u00f6zponti szakmai t\u00e1mogat\u00e1ssal hozott l\u00e9tre. [&hellip;]<\/p>\n","protected":false},"author":2,"featured_media":0,"comment_status":"open","ping_status":"open","sticky":false,"template":"","format":"standard","meta":[],"categories":[24],"tags":[],"_links":{"self":[{"href":"http:\/\/archiv.szolnoktv.hu\/index.php?rest_route=\/wp\/v2\/posts\/31057"}],"collection":[{"href":"http:\/\/archiv.szolnoktv.hu\/index.php?rest_route=\/wp\/v2\/posts"}],"about":[{"href":"http:\/\/archiv.szolnoktv.hu\/index.php?rest_route=\/wp\/v2\/types\/post"}],"author":[{"embeddable":true,"href":"http:\/\/archiv.szolnoktv.hu\/index.php?rest_route=\/wp\/v2\/users\/2"}],"replies":[{"embeddable":true,"href":"http:\/\/archiv.szolnoktv.hu\/index.php?rest_route=%2Fwp%2Fv2%2Fcomments&post=31057"}],"version-history":[{"count":1,"href":"http:\/\/archiv.szolnoktv.hu\/index.php?rest_route=\/wp\/v2\/posts\/31057\/revisions"}],"predecessor-version":[{"id":31434,"href":"http:\/\/archiv.szolnoktv.hu\/index.php?rest_route=\/wp\/v2\/posts\/31057\/revisions\/31434"}],"wp:attachment":[{"href":"http:\/\/archiv.szolnoktv.hu\/index.php?rest_route=%2Fwp%2Fv2%2Fmedia&parent=31057"}],"wp:term":[{"taxonomy":"category","embeddable":true,"href":"http:\/\/archiv.szolnoktv.hu\/index.php?rest_route=%2Fwp%2Fv2%2Fcategories&post=31057"},{"taxonomy":"post_tag","embeddable":true,"href":"http:\/\/archiv.szolnoktv.hu\/index.php?rest_route=%2Fwp%2Fv2%2Ftags&post=31057"}],"curies":[{"name":"wp","href":"https:\/\/api.w.org\/{rel}","templated":true}]}}