{"id":31055,"date":"2008-04-07T17:41:36","date_gmt":"2008-04-07T17:41:36","guid":{"rendered":"http:\/\/archiv.szolnoktv.hu\/?p=31055"},"modified":"2021-11-17T13:59:50","modified_gmt":"2021-11-17T13:59:50","slug":"kerteszeti-palyazat","status":"publish","type":"post","link":"http:\/\/archiv.szolnoktv.hu\/?p=31055","title":{"rendered":"Kert\u00e9szeti p\u00e1ly\u00e1zat"},"content":{"rendered":"<div class='booster-block booster-read-block'><\/div><p>J\u00f3l j\u00e1rhat aki belev\u00e1g. Ak\u00e1r 700 ezer eur\u00f3t is kaphat az a mez\u0151gazdas\u00e1gi v\u00e1llalkoz\u00e1s, mely id\u0151ben beny\u00fajtja p\u00e1ly\u00e1zat\u00e1t az \u00daj Magyarorsz\u00e1g Program \u00e1prilis elsej\u00e9vel megnyitott alapj\u00e1ra. A p\u00e1ly\u00e1zat ki\u00edr\u00f3i a fiatal gazd\u00e1lkod\u00f3k boldogul\u00e1s\u00e1t fokozottan szem el\u0151tt tartj\u00e1k.<br \/>\nItt a lehet\u0151s\u00e9g, hogy emelje v\u00e1llalkoz\u00e1s\u00e1nak sz\u00ednvonal\u00e1t, termel\u00e9kenys\u00e9g\u00e9nek hat\u00e1sfok\u00e1t az a gazda, aki kor\u00e1bban m\u00e1r regisztr\u00e1lta mag\u00e1t a Mez\u0151gazdas\u00e1gi- \u00e9s Vid\u00e9kfejleszt\u00e9si Hivataln\u00e1l. A kert\u00e9szettel \u00e9s \u00e1ltal\u00e1ban n\u00f6v\u00e9nytermeszt\u00e9ssel foglalkoz\u00f3 mez\u0151gazdas\u00e1gi v\u00e1lllakoz\u00e1sok most egyebek mellet betakar\u00edt\u00f3-, talajm\u0171vel\u0151-, \u00fcltet\u0151-, pal\u00e1nt\u00e1z\u00f3- \u00e9s permetez\u0151 g\u00e9pekre, valamint \u00f6nt\u00f6z\u0151berendez\u00e9sekre, s\u0151t- er\u0151g\u00e9pekre, traktorokra is ford\u00edthatj\u00e1k a p\u00e1ly\u00e1zaton elnyert \u00f6sszeget a saj\u00e1t r\u00e9szk\u00e9nt megjel\u00f6lt 40% hozz\u00e1ad\u00e1s\u00e1val. A p\u00e1ly\u00e1zat beny\u00fajt\u00e1si hat\u00e1rideje \u00e1prilis 30. A ki\u00edr\u00e1ssal kapcsolatos tudnival\u00f3k \u00e9s \u0171rlapok legegyszer\u0171bben a www.mvh.gov.hu weboldalr\u00f3l t\u00f6lthet\u0151k le, de a helyi falugazd\u00e1szok valamint az agr\u00e1rkamar\u00e1k tan\u00e1csad\u00f3 h\u00e1l\u00f3zata is az \u00e9redekl\u0151d\u0151k rendelkez\u00e9s\u00e9re \u00e1ll.<\/p>\n","protected":false},"excerpt":{"rendered":"<p>J\u00f3l j\u00e1rhat aki belev\u00e1g. Ak\u00e1r 700 ezer eur\u00f3t is kaphat az a mez\u0151gazdas\u00e1gi v\u00e1llalkoz\u00e1s, mely id\u0151ben beny\u00fajtja p\u00e1ly\u00e1zat\u00e1t az \u00daj Magyarorsz\u00e1g Program \u00e1prilis elsej\u00e9vel megnyitott alapj\u00e1ra. A p\u00e1ly\u00e1zat ki\u00edr\u00f3i a fiatal gazd\u00e1lkod\u00f3k boldogul\u00e1s\u00e1t fokozottan szem el\u0151tt tartj\u00e1k. Itt a lehet\u0151s\u00e9g, hogy emelje v\u00e1llalkoz\u00e1s\u00e1nak sz\u00ednvonal\u00e1t, termel\u00e9kenys\u00e9g\u00e9nek hat\u00e1sfok\u00e1t az a gazda, aki kor\u00e1bban m\u00e1r regisztr\u00e1lta mag\u00e1t a [&hellip;]<\/p>\n","protected":false},"author":2,"featured_media":0,"comment_status":"open","ping_status":"open","sticky":false,"template":"","format":"standard","meta":[],"categories":[24],"tags":[],"_links":{"self":[{"href":"http:\/\/archiv.szolnoktv.hu\/index.php?rest_route=\/wp\/v2\/posts\/31055"}],"collection":[{"href":"http:\/\/archiv.szolnoktv.hu\/index.php?rest_route=\/wp\/v2\/posts"}],"about":[{"href":"http:\/\/archiv.szolnoktv.hu\/index.php?rest_route=\/wp\/v2\/types\/post"}],"author":[{"embeddable":true,"href":"http:\/\/archiv.szolnoktv.hu\/index.php?rest_route=\/wp\/v2\/users\/2"}],"replies":[{"embeddable":true,"href":"http:\/\/archiv.szolnoktv.hu\/index.php?rest_route=%2Fwp%2Fv2%2Fcomments&post=31055"}],"version-history":[{"count":1,"href":"http:\/\/archiv.szolnoktv.hu\/index.php?rest_route=\/wp\/v2\/posts\/31055\/revisions"}],"predecessor-version":[{"id":31436,"href":"http:\/\/archiv.szolnoktv.hu\/index.php?rest_route=\/wp\/v2\/posts\/31055\/revisions\/31436"}],"wp:attachment":[{"href":"http:\/\/archiv.szolnoktv.hu\/index.php?rest_route=%2Fwp%2Fv2%2Fmedia&parent=31055"}],"wp:term":[{"taxonomy":"category","embeddable":true,"href":"http:\/\/archiv.szolnoktv.hu\/index.php?rest_route=%2Fwp%2Fv2%2Fcategories&post=31055"},{"taxonomy":"post_tag","embeddable":true,"href":"http:\/\/archiv.szolnoktv.hu\/index.php?rest_route=%2Fwp%2Fv2%2Ftags&post=31055"}],"curies":[{"name":"wp","href":"https:\/\/api.w.org\/{rel}","templated":true}]}}