{"id":31054,"date":"2008-04-07T17:40:58","date_gmt":"2008-04-07T17:40:58","guid":{"rendered":"http:\/\/archiv.szolnoktv.hu\/?p=31054"},"modified":"2021-11-17T13:59:50","modified_gmt":"2021-11-17T13:59:50","slug":"nepszavazasi-plakathaboru","status":"publish","type":"post","link":"http:\/\/archiv.szolnoktv.hu\/?p=31054","title":{"rendered":"N\u00e9pszavaz\u00e1si plak\u00e1th\u00e1bor\u00fa"},"content":{"rendered":"<div class='booster-block booster-read-block'><\/div><p>Keddig kell elt\u00e1vol\u00edtaniuk a p\u00e1rtoknak a m\u00e1rcius kilencedikei n\u00e9pszavaz\u00e1si kamp\u00e1ny sor\u00e1n kihelyezett hirdetm\u00e9nyeket. A plak\u00e1tokat a polg\u00e1rmesteri hivatalok is elt\u00e1vol\u00edthatj\u00e1k, ennek \u00f6sszeg\u00e9t kisz\u00e1ml\u00e1zhatj\u00e1k. A n\u00e9pszavaz\u00e1s sor\u00e1n az orsz\u00e1ggy\u0171l\u00e9si- \u00e9s helyhat\u00f3s\u00e1gi v\u00e1laszt\u00e1sokn\u00e1l kevesebb plak\u00e1tot ragasztottak ki a szervezetek, ezek jelent\u0151s r\u00e9sz\u00e9t m\u00e1r le is szedt\u00e9k. A v\u00e1ros n\u00e9mely pontj\u00e1n azonban m\u00e9g l\u00e1tni n\u00e9h\u00e1ny falragaszt. A polg\u00e1rmesteri hivatalokban j\u00fanius hetedik\u00e9ig kell meg\u0151rizni a v\u00e1laszt\u00e1si iratokat, ezeket- a jegyz\u0151k\u00f6nyvek kiv\u00e9tel\u00e9vel- k\u00e9t h\u00f3nap m\u00falva bez\u00fazz\u00e1k. A v\u00e1laszt\u00e1si jegyz\u0151k\u00f6nyvek els\u0151 p\u00e9ld\u00e1ny\u00e1t a Magyar Orsz\u00e1gos Lev\u00e9lt\u00e1rnak kell \u00e1tadni.<\/p>\n","protected":false},"excerpt":{"rendered":"<p>Keddig kell elt\u00e1vol\u00edtaniuk a p\u00e1rtoknak a m\u00e1rcius kilencedikei n\u00e9pszavaz\u00e1si kamp\u00e1ny sor\u00e1n kihelyezett hirdetm\u00e9nyeket. A plak\u00e1tokat a polg\u00e1rmesteri hivatalok is elt\u00e1vol\u00edthatj\u00e1k, ennek \u00f6sszeg\u00e9t kisz\u00e1ml\u00e1zhatj\u00e1k. A n\u00e9pszavaz\u00e1s sor\u00e1n az orsz\u00e1ggy\u0171l\u00e9si- \u00e9s helyhat\u00f3s\u00e1gi v\u00e1laszt\u00e1sokn\u00e1l kevesebb plak\u00e1tot ragasztottak ki a szervezetek, ezek jelent\u0151s r\u00e9sz\u00e9t m\u00e1r le is szedt\u00e9k. A v\u00e1ros n\u00e9mely pontj\u00e1n azonban m\u00e9g l\u00e1tni n\u00e9h\u00e1ny falragaszt. A polg\u00e1rmesteri [&hellip;]<\/p>\n","protected":false},"author":2,"featured_media":0,"comment_status":"open","ping_status":"open","sticky":false,"template":"","format":"standard","meta":[],"categories":[24],"tags":[],"_links":{"self":[{"href":"http:\/\/archiv.szolnoktv.hu\/index.php?rest_route=\/wp\/v2\/posts\/31054"}],"collection":[{"href":"http:\/\/archiv.szolnoktv.hu\/index.php?rest_route=\/wp\/v2\/posts"}],"about":[{"href":"http:\/\/archiv.szolnoktv.hu\/index.php?rest_route=\/wp\/v2\/types\/post"}],"author":[{"embeddable":true,"href":"http:\/\/archiv.szolnoktv.hu\/index.php?rest_route=\/wp\/v2\/users\/2"}],"replies":[{"embeddable":true,"href":"http:\/\/archiv.szolnoktv.hu\/index.php?rest_route=%2Fwp%2Fv2%2Fcomments&post=31054"}],"version-history":[{"count":1,"href":"http:\/\/archiv.szolnoktv.hu\/index.php?rest_route=\/wp\/v2\/posts\/31054\/revisions"}],"predecessor-version":[{"id":31437,"href":"http:\/\/archiv.szolnoktv.hu\/index.php?rest_route=\/wp\/v2\/posts\/31054\/revisions\/31437"}],"wp:attachment":[{"href":"http:\/\/archiv.szolnoktv.hu\/index.php?rest_route=%2Fwp%2Fv2%2Fmedia&parent=31054"}],"wp:term":[{"taxonomy":"category","embeddable":true,"href":"http:\/\/archiv.szolnoktv.hu\/index.php?rest_route=%2Fwp%2Fv2%2Fcategories&post=31054"},{"taxonomy":"post_tag","embeddable":true,"href":"http:\/\/archiv.szolnoktv.hu\/index.php?rest_route=%2Fwp%2Fv2%2Ftags&post=31054"}],"curies":[{"name":"wp","href":"https:\/\/api.w.org\/{rel}","templated":true}]}}