{"id":31053,"date":"2008-04-07T17:40:32","date_gmt":"2008-04-07T17:40:32","guid":{"rendered":"http:\/\/archiv.szolnoktv.hu\/?p=31053"},"modified":"2021-11-17T13:59:50","modified_gmt":"2021-11-17T13:59:50","slug":"riszi-szakmai-verseny","status":"publish","type":"post","link":"http:\/\/archiv.szolnoktv.hu\/?p=31053","title":{"rendered":"RISZI szakmai verseny"},"content":{"rendered":"<div class='booster-block booster-read-block'><\/div><p>Az \u00e9letre k\u00e9sz\u00fclnek. A szakma fiatal rem\u00e9nys\u00e9gei adtak sz\u00e1mot ma tud\u00e1sukr\u00f3l a szolnoki Ruhaipari Szakk\u00f6z\u00e9p \u00e9s Szakiskol\u00e1ban. Az int\u00e9zm\u00e9ny adott ugyanis otthont az Orsz\u00e1gos Szakmai Tanulm\u00e1nyi Verseny d\u00f6nt\u0151j\u00e9nek.<br \/>\n5 \u00f3ra leforg\u00e1sa alatt kellett elk\u00e9sz\u00edteni\u00fck a mintadarabk\u00e9nt bemutatott n\u0151i inget a &#8220;k\u00f6nny\u0171ipari versenycsoport&#8221;&#8221; legjobbjainak Szolnokon. Az orsz\u00e1gos d\u00f6nt\u0151n ny\u00fajtott teljes\u00edtm\u00e9ny\u00fck alapj\u00e1n- 11 iskol\u00e1b\u00f3l \u00f6sszesen 20- an k\u00e9sz\u00fclhettek izgalommal a mai napra. A leend\u0151 ruhaipari modellez\u0151k \u00e9s technol\u00f3gusok mellett marketing \u00fcgyint\u00e9z\u0151k gy\u0171rk\u0151ztek neki a feladatnak. Nekik egy \u00f6n\u00e1ll\u00f3 v\u00e1llalkoz\u00e1st is meg kellett megtervezni\u00fck pap\u00edron komplett \u00fczleti terv k\u00eds\u00e9ret\u00e9ben. A megm\u00e9rettet\u00e9s helysz\u00edne nem v\u00e9letlen\u00fcl Szolnok. A Ruhaipari Szakk\u00f6z\u00e9p \u00e9s Szakiskola felszerelts\u00e9ge ugyanis kiemelked\u0151nek sz\u00e1m\u00edt a hasonl\u00f3 int\u00e9zm\u00e9nyek sor\u00e1ban. A k\u00edv\u00fcl\u0171ll\u00f3 sz\u00e1m\u00e1ra megbecs\u00fclni is neh\u00e9z- mennyi id\u0151re van sz\u00fcks\u00e9g a vizsgadarab elk\u00e9sz\u00edt\u00e9s\u00e9hez<br \/>\namit a vizsgabizotts\u00e1g ut\u00f3bb nagy\u00edt\u00f3 alatt is szem\u00fcgyre vett. A sz\u0151rsz\u00e1lhasogat\u00e1s kor\u00e1ntsem f\u00f6l\u00f6sleges- egyes Nyugat- eur\u00f3pai megrendel\u0151k ugyanis a n\u00e9gyzetcentink\u00e9nti \u00f6lt\u00e9sek sz\u00e1m\u00e1t is ellen\u0151rzik&#8230; Ebben a mez\u0151nyben pedig nem lesz k\u00f6nny\u0171 \u00e9rv\u00e9nyes\u00fclni a leend\u0151 v\u00e9gz\u0151s\u00f6knek.  &#8221;<\/p>\n","protected":false},"excerpt":{"rendered":"<p>Az \u00e9letre k\u00e9sz\u00fclnek. A szakma fiatal rem\u00e9nys\u00e9gei adtak sz\u00e1mot ma tud\u00e1sukr\u00f3l a szolnoki Ruhaipari Szakk\u00f6z\u00e9p \u00e9s Szakiskol\u00e1ban. Az int\u00e9zm\u00e9ny adott ugyanis otthont az Orsz\u00e1gos Szakmai Tanulm\u00e1nyi Verseny d\u00f6nt\u0151j\u00e9nek. 5 \u00f3ra leforg\u00e1sa alatt kellett elk\u00e9sz\u00edteni\u00fck a mintadarabk\u00e9nt bemutatott n\u0151i inget a &#8220;k\u00f6nny\u0171ipari versenycsoport&#8221;&#8221; legjobbjainak Szolnokon. Az orsz\u00e1gos d\u00f6nt\u0151n ny\u00fajtott teljes\u00edtm\u00e9ny\u00fck alapj\u00e1n- 11 iskol\u00e1b\u00f3l \u00f6sszesen 20- an [&hellip;]<\/p>\n","protected":false},"author":2,"featured_media":0,"comment_status":"open","ping_status":"open","sticky":false,"template":"","format":"standard","meta":[],"categories":[24],"tags":[],"_links":{"self":[{"href":"http:\/\/archiv.szolnoktv.hu\/index.php?rest_route=\/wp\/v2\/posts\/31053"}],"collection":[{"href":"http:\/\/archiv.szolnoktv.hu\/index.php?rest_route=\/wp\/v2\/posts"}],"about":[{"href":"http:\/\/archiv.szolnoktv.hu\/index.php?rest_route=\/wp\/v2\/types\/post"}],"author":[{"embeddable":true,"href":"http:\/\/archiv.szolnoktv.hu\/index.php?rest_route=\/wp\/v2\/users\/2"}],"replies":[{"embeddable":true,"href":"http:\/\/archiv.szolnoktv.hu\/index.php?rest_route=%2Fwp%2Fv2%2Fcomments&post=31053"}],"version-history":[{"count":1,"href":"http:\/\/archiv.szolnoktv.hu\/index.php?rest_route=\/wp\/v2\/posts\/31053\/revisions"}],"predecessor-version":[{"id":31438,"href":"http:\/\/archiv.szolnoktv.hu\/index.php?rest_route=\/wp\/v2\/posts\/31053\/revisions\/31438"}],"wp:attachment":[{"href":"http:\/\/archiv.szolnoktv.hu\/index.php?rest_route=%2Fwp%2Fv2%2Fmedia&parent=31053"}],"wp:term":[{"taxonomy":"category","embeddable":true,"href":"http:\/\/archiv.szolnoktv.hu\/index.php?rest_route=%2Fwp%2Fv2%2Fcategories&post=31053"},{"taxonomy":"post_tag","embeddable":true,"href":"http:\/\/archiv.szolnoktv.hu\/index.php?rest_route=%2Fwp%2Fv2%2Ftags&post=31053"}],"curies":[{"name":"wp","href":"https:\/\/api.w.org\/{rel}","templated":true}]}}