{"id":31052,"date":"2008-04-07T17:40:01","date_gmt":"2008-04-07T17:40:01","guid":{"rendered":"http:\/\/archiv.szolnoktv.hu\/?p=31052"},"modified":"2021-11-17T13:59:50","modified_gmt":"2021-11-17T13:59:50","slug":"vasutas-sztrajk","status":"publish","type":"post","link":"http:\/\/archiv.szolnoktv.hu\/?p=31052","title":{"rendered":"Vasutas sztr\u00e1jk"},"content":{"rendered":"<div class='booster-block booster-read-block'><\/div><p>Hetedszerre is sztr\u00e1jk &#8211; egyre cs\u00f6kken\u0151 t\u00e1mogatotts\u00e1ggal. Vas\u00e1rnap d\u00e9lut\u00e1n ism\u00e9t munkabesz\u00fcntet\u00e9st hirdetett a Vas\u00fati Dolgoz\u00f3k Szabad Szakszervezete. Az \u00e9jf\u00e9lt\u0151l \u00e9letbe l\u00e9p\u0151 sztr\u00e1jkot m\u00e1r d\u00e9lel\u0151tt 10-kor felf\u00fcggesztett\u00e9k. A munkabesz\u00fcntet\u00e9shez egyre kevesebben csatlakoznak.<br \/>\nEgyre t\u00f6bb vonat k\u00f6zlekedik a sztr\u00e1jkok ideje alatt. A M\u00c1V t\u00e1j\u00e9koztat\u00e1sa szerint a tegnap meghirdetett munkabesz\u00fcntet\u00e9s mai 10 \u00f3r\u00e1ja alatt a dolgoz\u00f3k k\u00f6zel 86 sz\u00e1zal\u00e9ka vette fel a munk\u00e1t \u00e9s a vonatok 62 sz\u00e1zal\u00e9ka j\u00e1rt. J\u00e1rv\u00e1s Andr\u00e1s, a VDSZSZ Start T\u00e1rsas\u00e1gi V\u00e1lasztm\u00e1ny \u00fcgyvezet\u0151je elmondta: a nyugati orsz\u00e1gr\u00e9szben val\u00f3ban gyeng\u00e9bb volt a sztr\u00e1jkk\u00e9sz\u00fclts\u00e9g, a keleti orsz\u00e1gr\u00e9szben viszont hasonl\u00f3 volt a r\u00e9szv\u00e9teli ar\u00e1ny, mint az eddigiekben. A mai 10 \u00f3r\u00e1s sztr\u00e1jk a gyeng\u00fcl\u0151 r\u00e9szv\u00e9tel ellen\u00e9re val\u00f3sz\u00edn\u0171leg m\u00e9g mindig nem az utols\u00f3. A szakszervezet ugyanis addig folytatja a munkabesz\u00fcntet\u00e9seket, am\u00edg meg nem egyeznek. A k\u00e9t f\u00e9l k\u00f6z\u00f6tti t\u00e1rgyal\u00e1sok \u00e1prilis 11-\u00e9n folytat\u00f3dnak. A mostani sztr\u00e1jk miatt a menetrend szerinti k\u00f6zleked\u00e9s a M\u00c1V t\u00e1j\u00e9koztat\u00e1sa szerint holnap \u00fczemkezdetre \u00e1llhat helyre, addig k\u00e9s\u00e9sekre lehet sz\u00e1m\u00edtani.<\/p>\n","protected":false},"excerpt":{"rendered":"<p>Hetedszerre is sztr\u00e1jk &#8211; egyre cs\u00f6kken\u0151 t\u00e1mogatotts\u00e1ggal. Vas\u00e1rnap d\u00e9lut\u00e1n ism\u00e9t munkabesz\u00fcntet\u00e9st hirdetett a Vas\u00fati Dolgoz\u00f3k Szabad Szakszervezete. Az \u00e9jf\u00e9lt\u0151l \u00e9letbe l\u00e9p\u0151 sztr\u00e1jkot m\u00e1r d\u00e9lel\u0151tt 10-kor felf\u00fcggesztett\u00e9k. A munkabesz\u00fcntet\u00e9shez egyre kevesebben csatlakoznak. Egyre t\u00f6bb vonat k\u00f6zlekedik a sztr\u00e1jkok ideje alatt. A M\u00c1V t\u00e1j\u00e9koztat\u00e1sa szerint a tegnap meghirdetett munkabesz\u00fcntet\u00e9s mai 10 \u00f3r\u00e1ja alatt a dolgoz\u00f3k k\u00f6zel 86 [&hellip;]<\/p>\n","protected":false},"author":2,"featured_media":0,"comment_status":"open","ping_status":"open","sticky":false,"template":"","format":"standard","meta":[],"categories":[24],"tags":[],"_links":{"self":[{"href":"http:\/\/archiv.szolnoktv.hu\/index.php?rest_route=\/wp\/v2\/posts\/31052"}],"collection":[{"href":"http:\/\/archiv.szolnoktv.hu\/index.php?rest_route=\/wp\/v2\/posts"}],"about":[{"href":"http:\/\/archiv.szolnoktv.hu\/index.php?rest_route=\/wp\/v2\/types\/post"}],"author":[{"embeddable":true,"href":"http:\/\/archiv.szolnoktv.hu\/index.php?rest_route=\/wp\/v2\/users\/2"}],"replies":[{"embeddable":true,"href":"http:\/\/archiv.szolnoktv.hu\/index.php?rest_route=%2Fwp%2Fv2%2Fcomments&post=31052"}],"version-history":[{"count":1,"href":"http:\/\/archiv.szolnoktv.hu\/index.php?rest_route=\/wp\/v2\/posts\/31052\/revisions"}],"predecessor-version":[{"id":31439,"href":"http:\/\/archiv.szolnoktv.hu\/index.php?rest_route=\/wp\/v2\/posts\/31052\/revisions\/31439"}],"wp:attachment":[{"href":"http:\/\/archiv.szolnoktv.hu\/index.php?rest_route=%2Fwp%2Fv2%2Fmedia&parent=31052"}],"wp:term":[{"taxonomy":"category","embeddable":true,"href":"http:\/\/archiv.szolnoktv.hu\/index.php?rest_route=%2Fwp%2Fv2%2Fcategories&post=31052"},{"taxonomy":"post_tag","embeddable":true,"href":"http:\/\/archiv.szolnoktv.hu\/index.php?rest_route=%2Fwp%2Fv2%2Ftags&post=31052"}],"curies":[{"name":"wp","href":"https:\/\/api.w.org\/{rel}","templated":true}]}}