{"id":31051,"date":"2008-04-07T12:33:24","date_gmt":"2008-04-07T12:33:24","guid":{"rendered":"http:\/\/archiv.szolnoktv.hu\/?p=31051"},"modified":"2021-11-17T13:59:50","modified_gmt":"2021-11-17T13:59:50","slug":"jatekfesztival","status":"publish","type":"post","link":"http:\/\/archiv.szolnoktv.hu\/?p=31051","title":{"rendered":"J\u00e1t\u00e9kfesztiv\u00e1l"},"content":{"rendered":"<div class='booster-block booster-read-block'><\/div><p>Elk\u00e9pzelt\u00e9k m\u00e1r, milyen lehet szappanbubor\u00e9kban \u00e1llni? T\u00f6bbek k\u00f6z\u00f6tt ezt is kipr\u00f3b\u00e1lhatt\u00e1k a gyerekek a Tiszaligeti K\u00f6rcsarnokban a vas\u00e1rnapi Bridge J\u00e1t\u00e9kfesztiv\u00e1lon. Az orsz\u00e1gos programnak Szolnok volt az els\u0151 \u00e1llom\u00e1sa. Bal\u00e1zs Attila, a n\u00e9vad\u00f3 Bridge Hungary Zrt. eln\u00f6k-vez\u00e9rigazgat\u00f3ja elmondta: a rendezv\u00e9nnyel egy sorozat indult el, melynek keret\u00e9ben Magyarorsz\u00e1g h\u00fasz legnagyobb v\u00e1ros\u00e1ban szeretn\u00e9nek ilyen J\u00e1t\u00e9kfesztiv\u00e1lt szervezni. C\u00e9ljuk az, hogy legyen egy nap, amit a csal\u00e1d egy\u00fctt t\u00f6lt a sz\u00e1m\u00edt\u00f3g\u00e9p \u00e9s telev\u00edzi\u00f3 n\u00e9lk\u00fcl. Az eg\u00e9sznapos fesztiv\u00e1lon sz\u00e1mtalan j\u00e1t\u00e9kot kipr\u00f3b\u00e1lhattak a gyermekek. A legkisebbek labdaf\u00fcrd\u0151ben vagy b\u00e9bidombon j\u00e1tszhattak, a nagyobbakat pedig t\u00f6bbek k\u00f6z\u00f6tt ugr\u00e1l\u00f3v\u00e1r, \u00f3ri\u00e1scs\u00faszda, sz\u00ednez\u0151sarok, arcfest\u00e9s \u00e9s p\u00f3l\u00f3fest\u00e9s v\u00e1rta. Voltak k\u00e9zm\u0171ves foglalkoz\u00e1sok is, p\u00e9ld\u00e1ul t\u0171zzom\u00e1ncoz\u00e1s, b\u0151rm\u0171vess\u00e9g, \u00e9remverde \u00e9s gy\u00f6ngyf\u0171z\u00e9s. Sokakat a sz\u00ednpadi m\u0171sor k\u00f6t\u00f6tt le, ahol Hevesi Imre, Puding \u00e9s Palacsinta boh\u00f3cok, Trabarna \u00e9s a B\u00f3bita Zenekar sz\u00f3rakoztatta az apr\u00f3s\u00e1gokat. Volt sz\u00fcl\u0151meg\u0151rz\u0151 is, ahol a sz\u00fcl\u0151k \u00e9letvezet\u00e9si programon vehettek r\u00e9szt, \u00e9s egy tesztet is kit\u00f6lthettek, amellyel a nap v\u00e9g\u00e9n wellnessh\u00e9tv\u00e9g\u00e9t nyerhettek a csal\u00e1dnak. A szervez\u0151k a program z\u00e1r\u00e1sakor egy m\u00e1sik meglepet\u00e9ssel is k\u00e9sz\u00fcltek: kisorsoltak egy egyhetes balatoni ny\u00e1ri t\u00e1bort a r\u00e9sztvev\u0151 gyerekek k\u00f6z\u00f6tt.<\/p>\n","protected":false},"excerpt":{"rendered":"<p>Elk\u00e9pzelt\u00e9k m\u00e1r, milyen lehet szappanbubor\u00e9kban \u00e1llni? T\u00f6bbek k\u00f6z\u00f6tt ezt is kipr\u00f3b\u00e1lhatt\u00e1k a gyerekek a Tiszaligeti K\u00f6rcsarnokban a vas\u00e1rnapi Bridge J\u00e1t\u00e9kfesztiv\u00e1lon. Az orsz\u00e1gos programnak Szolnok volt az els\u0151 \u00e1llom\u00e1sa. Bal\u00e1zs Attila, a n\u00e9vad\u00f3 Bridge Hungary Zrt. eln\u00f6k-vez\u00e9rigazgat\u00f3ja elmondta: a rendezv\u00e9nnyel egy sorozat indult el, melynek keret\u00e9ben Magyarorsz\u00e1g h\u00fasz legnagyobb v\u00e1ros\u00e1ban szeretn\u00e9nek ilyen J\u00e1t\u00e9kfesztiv\u00e1lt szervezni. C\u00e9ljuk az, [&hellip;]<\/p>\n","protected":false},"author":2,"featured_media":0,"comment_status":"open","ping_status":"open","sticky":false,"template":"","format":"standard","meta":[],"categories":[24],"tags":[],"_links":{"self":[{"href":"http:\/\/archiv.szolnoktv.hu\/index.php?rest_route=\/wp\/v2\/posts\/31051"}],"collection":[{"href":"http:\/\/archiv.szolnoktv.hu\/index.php?rest_route=\/wp\/v2\/posts"}],"about":[{"href":"http:\/\/archiv.szolnoktv.hu\/index.php?rest_route=\/wp\/v2\/types\/post"}],"author":[{"embeddable":true,"href":"http:\/\/archiv.szolnoktv.hu\/index.php?rest_route=\/wp\/v2\/users\/2"}],"replies":[{"embeddable":true,"href":"http:\/\/archiv.szolnoktv.hu\/index.php?rest_route=%2Fwp%2Fv2%2Fcomments&post=31051"}],"version-history":[{"count":1,"href":"http:\/\/archiv.szolnoktv.hu\/index.php?rest_route=\/wp\/v2\/posts\/31051\/revisions"}],"predecessor-version":[{"id":31440,"href":"http:\/\/archiv.szolnoktv.hu\/index.php?rest_route=\/wp\/v2\/posts\/31051\/revisions\/31440"}],"wp:attachment":[{"href":"http:\/\/archiv.szolnoktv.hu\/index.php?rest_route=%2Fwp%2Fv2%2Fmedia&parent=31051"}],"wp:term":[{"taxonomy":"category","embeddable":true,"href":"http:\/\/archiv.szolnoktv.hu\/index.php?rest_route=%2Fwp%2Fv2%2Fcategories&post=31051"},{"taxonomy":"post_tag","embeddable":true,"href":"http:\/\/archiv.szolnoktv.hu\/index.php?rest_route=%2Fwp%2Fv2%2Ftags&post=31051"}],"curies":[{"name":"wp","href":"https:\/\/api.w.org\/{rel}","templated":true}]}}