{"id":31050,"date":"2008-04-07T12:32:44","date_gmt":"2008-04-07T12:32:44","guid":{"rendered":"http:\/\/archiv.szolnoktv.hu\/?p=31050"},"modified":"2021-11-17T13:59:50","modified_gmt":"2021-11-17T13:59:50","slug":"15-eves-a-jasz-nagykun-szolnok-megyei-polgarorseg","status":"publish","type":"post","link":"http:\/\/archiv.szolnoktv.hu\/?p=31050","title":{"rendered":"15 \u00e9ves a J\u00e1sz-Nagykun-Szolnok Megyei polg\u00e1r\u0151rs\u00e9g"},"content":{"rendered":"<div class='booster-block booster-read-block'><\/div><p>Id\u00e9n \u00fcnnepli fenn\u00e1ll\u00e1s\u00e1nak 15. \u00e9vfordul\u00f3j\u00e1t a Polg\u00e1r\u0151r Egyes\u00fcletek J\u00e1sz-Nagykun-Szolnok Megyei Sz\u00f6vets\u00e9ge. Ebb\u0151l az alkalomb\u00f3l \u00fcnnepi k\u00f6zgy\u0171l\u00e9st tartottak szombaton a megyeh\u00e1z\u00e1n. Az Orsz\u00e1gos Polg\u00e1r\u0151r Sz\u00f6vets\u00e9g eln\u00f6ke elmondta: &#8220;Szolnok megye kiv\u00e9teles helyzetben van<br \/>\nhiszen itt a legmagasabb a szervezetts\u00e9g. Olyan kezdem\u00e9nyez\u00e9sek vannak itt<br \/>\nmelyeket orsz\u00e1gosan is c\u00e9lszer\u0171 lenne \u00e1tvenni.&#8221;&#8221; A szombati \u00fcl\u00e9sen ismertett\u00e9k idei terveiket<\/p>\n","protected":false},"excerpt":{"rendered":"<p>Id\u00e9n \u00fcnnepli fenn\u00e1ll\u00e1s\u00e1nak 15. \u00e9vfordul\u00f3j\u00e1t a Polg\u00e1r\u0151r Egyes\u00fcletek J\u00e1sz-Nagykun-Szolnok Megyei Sz\u00f6vets\u00e9ge. Ebb\u0151l az alkalomb\u00f3l \u00fcnnepi k\u00f6zgy\u0171l\u00e9st tartottak szombaton a megyeh\u00e1z\u00e1n. Az Orsz\u00e1gos Polg\u00e1r\u0151r Sz\u00f6vets\u00e9g eln\u00f6ke elmondta: &#8220;Szolnok megye kiv\u00e9teles helyzetben van hiszen itt a legmagasabb a szervezetts\u00e9g. Olyan kezdem\u00e9nyez\u00e9sek vannak itt melyeket orsz\u00e1gosan is c\u00e9lszer\u0171 lenne \u00e1tvenni.&#8221;&#8221; A szombati \u00fcl\u00e9sen ismertett\u00e9k idei terveiket<\/p>\n","protected":false},"author":2,"featured_media":0,"comment_status":"open","ping_status":"open","sticky":false,"template":"","format":"standard","meta":[],"categories":[24],"tags":[],"_links":{"self":[{"href":"http:\/\/archiv.szolnoktv.hu\/index.php?rest_route=\/wp\/v2\/posts\/31050"}],"collection":[{"href":"http:\/\/archiv.szolnoktv.hu\/index.php?rest_route=\/wp\/v2\/posts"}],"about":[{"href":"http:\/\/archiv.szolnoktv.hu\/index.php?rest_route=\/wp\/v2\/types\/post"}],"author":[{"embeddable":true,"href":"http:\/\/archiv.szolnoktv.hu\/index.php?rest_route=\/wp\/v2\/users\/2"}],"replies":[{"embeddable":true,"href":"http:\/\/archiv.szolnoktv.hu\/index.php?rest_route=%2Fwp%2Fv2%2Fcomments&post=31050"}],"version-history":[{"count":1,"href":"http:\/\/archiv.szolnoktv.hu\/index.php?rest_route=\/wp\/v2\/posts\/31050\/revisions"}],"predecessor-version":[{"id":31441,"href":"http:\/\/archiv.szolnoktv.hu\/index.php?rest_route=\/wp\/v2\/posts\/31050\/revisions\/31441"}],"wp:attachment":[{"href":"http:\/\/archiv.szolnoktv.hu\/index.php?rest_route=%2Fwp%2Fv2%2Fmedia&parent=31050"}],"wp:term":[{"taxonomy":"category","embeddable":true,"href":"http:\/\/archiv.szolnoktv.hu\/index.php?rest_route=%2Fwp%2Fv2%2Fcategories&post=31050"},{"taxonomy":"post_tag","embeddable":true,"href":"http:\/\/archiv.szolnoktv.hu\/index.php?rest_route=%2Fwp%2Fv2%2Ftags&post=31050"}],"curies":[{"name":"wp","href":"https:\/\/api.w.org\/{rel}","templated":true}]}}