{"id":30954,"date":"2008-04-04T17:57:24","date_gmt":"2008-04-04T17:57:24","guid":{"rendered":"http:\/\/archiv.szolnoktv.hu\/?p=30954"},"modified":"2021-11-17T13:27:29","modified_gmt":"2021-11-17T13:27:29","slug":"munkasparti-megemlekezes","status":"publish","type":"post","link":"http:\/\/archiv.szolnoktv.hu\/?p=30954","title":{"rendered":"Munk\u00e1sp\u00e1rti megeml\u00e9kez\u00e9s"},"content":{"rendered":"<div class='booster-block booster-read-block'><\/div><p>A m\u00e1sodik vil\u00e1gh\u00e1bor\u00fat k\u00f6vet\u0151en eg\u00e9szen 1989- ig \u00e1llami \u00fcnnep volt \u00e1prilis negyedike. A Magyar N\u00e9pk\u00f6zt\u00e1rsas\u00e1g eln\u00f6ki Tan\u00e1csa 1950- ben t\u00f6rv\u00e9nyerej\u0171 rendeletben nyilv\u00e1n\u00edtotta azz\u00e1. A hazai t\u00f6rt\u00e9net\u00edr\u00e1s szerint 1945- ben, ezen a napon fejez\u0151dtek be a fegyveres harcok az orsz\u00e1g ter\u00fclet\u00e9n. A rendszerv\u00e1lt\u00e1s el\u0151tt ezen a napon \u00fcnnep\u00e9lyes d\u00edszszeml\u00e9kkel, a fegyveres test\u00fcletekn\u00e9l el\u0151l\u00e9ptet\u00e9sekkel eml\u00e9keztek a V\u00f6r\u00f6s Hadsereg m\u00e1sodik vil\u00e1g\u00e9g\u00e9s sor\u00e1n magyarorsz\u00e1gi harcokban elesett katon\u00e1ira. A Magyar Kommunista Munk\u00e1sp\u00e1rt helyi szervezete minden esztend\u0151ben koszor\u00faz\u00e1ssal eml\u00e9kezik haz\u00e1nk felszabad\u00edt\u00e1s\u00e1r\u00f3l, a szervezet \u00edgy tett ma d\u00e9lut\u00e1n is. Az \u00e1prilis negyedikei d\u00e1tum- a korral foglalkoz\u00f3 t\u00f6rt\u00e9n\u00e9szek t\u00f6bbs\u00e9ge szerint- hamis. B\u00e1r Szt\u00e1lin megparancsolta a V\u00f6r\u00f6s Hadsereg vez\u00e9rkar\u00e1nak, hogy \u00e1prilis negyedik\u00e9n m\u00e1r Ausztri\u00e1ban harcoljanak a Wermacht- csapatokkal, a hadihelyzet ezt nem tette lehet\u0151v\u00e9. K\u0151szeg t\u00e9rs\u00e9g\u00e9ben m\u00e9g \u00e1prilis tizedik\u00e9n is d\u00f6r\u00f6gtek a fegyverek, az utols\u00f3k\u00e9nt felszabad\u00edtott magyar telep\u00fcl\u00e9s, Nemesmedves lak\u00f3i pedig \u00e1prilis tizenegyedikei \u00f6sszecsap\u00e1sokra is eml\u00e9keznek. Magyarorsz\u00e1g t\u00f6rt\u00e9nete a huszadik sz\u00e1zadban c\u00edm\u0171 munk\u00e1j\u00e1ban Romsics Ign\u00e1c t\u00f6rt\u00e9n\u00e9sz \u00e1prilis tizenharmadik\u00e1t jel\u00f6li meg a harcok befejez\u00e9sek\u00e9nt. A K\u00e1d\u00e1r- korszak t\u00f6rt\u00e9net\u00edr\u00e1s\u00e1ban- \u00e9s ennek k\u00f6vetkezt\u00e9ben a nemzetu tudatban is- \u00e1prilis negyedike szerepelt, mint a felszabadul\u00e1s napja.<\/p>\n","protected":false},"excerpt":{"rendered":"<p>A m\u00e1sodik vil\u00e1gh\u00e1bor\u00fat k\u00f6vet\u0151en eg\u00e9szen 1989- ig \u00e1llami \u00fcnnep volt \u00e1prilis negyedike. A Magyar N\u00e9pk\u00f6zt\u00e1rsas\u00e1g eln\u00f6ki Tan\u00e1csa 1950- ben t\u00f6rv\u00e9nyerej\u0171 rendeletben nyilv\u00e1n\u00edtotta azz\u00e1. A hazai t\u00f6rt\u00e9net\u00edr\u00e1s szerint 1945- ben, ezen a napon fejez\u0151dtek be a fegyveres harcok az orsz\u00e1g ter\u00fclet\u00e9n. A rendszerv\u00e1lt\u00e1s el\u0151tt ezen a napon \u00fcnnep\u00e9lyes d\u00edszszeml\u00e9kkel, a fegyveres test\u00fcletekn\u00e9l el\u0151l\u00e9ptet\u00e9sekkel eml\u00e9keztek a V\u00f6r\u00f6s [&hellip;]<\/p>\n","protected":false},"author":2,"featured_media":0,"comment_status":"open","ping_status":"open","sticky":false,"template":"","format":"standard","meta":[],"categories":[24],"tags":[],"_links":{"self":[{"href":"http:\/\/archiv.szolnoktv.hu\/index.php?rest_route=\/wp\/v2\/posts\/30954"}],"collection":[{"href":"http:\/\/archiv.szolnoktv.hu\/index.php?rest_route=\/wp\/v2\/posts"}],"about":[{"href":"http:\/\/archiv.szolnoktv.hu\/index.php?rest_route=\/wp\/v2\/types\/post"}],"author":[{"embeddable":true,"href":"http:\/\/archiv.szolnoktv.hu\/index.php?rest_route=\/wp\/v2\/users\/2"}],"replies":[{"embeddable":true,"href":"http:\/\/archiv.szolnoktv.hu\/index.php?rest_route=%2Fwp%2Fv2%2Fcomments&post=30954"}],"version-history":[{"count":1,"href":"http:\/\/archiv.szolnoktv.hu\/index.php?rest_route=\/wp\/v2\/posts\/30954\/revisions"}],"predecessor-version":[{"id":30959,"href":"http:\/\/archiv.szolnoktv.hu\/index.php?rest_route=\/wp\/v2\/posts\/30954\/revisions\/30959"}],"wp:attachment":[{"href":"http:\/\/archiv.szolnoktv.hu\/index.php?rest_route=%2Fwp%2Fv2%2Fmedia&parent=30954"}],"wp:term":[{"taxonomy":"category","embeddable":true,"href":"http:\/\/archiv.szolnoktv.hu\/index.php?rest_route=%2Fwp%2Fv2%2Fcategories&post=30954"},{"taxonomy":"post_tag","embeddable":true,"href":"http:\/\/archiv.szolnoktv.hu\/index.php?rest_route=%2Fwp%2Fv2%2Ftags&post=30954"}],"curies":[{"name":"wp","href":"https:\/\/api.w.org\/{rel}","templated":true}]}}