{"id":30953,"date":"2008-04-04T17:12:08","date_gmt":"2008-04-04T17:12:08","guid":{"rendered":"http:\/\/archiv.szolnoktv.hu\/?p=30953"},"modified":"2021-11-17T13:27:29","modified_gmt":"2021-11-17T13:27:29","slug":"katona-kalman-szolnokon","status":"publish","type":"post","link":"http:\/\/archiv.szolnoktv.hu\/?p=30953","title":{"rendered":"Katona K\u00e1lm\u00e1n Szolnokon"},"content":{"rendered":"<div class='booster-block booster-read-block'><\/div><p>Nem lesz kisebbs\u00e9gi korm\u00e1nyz\u00e1s &#8211; v\u00e9li az MDF V\u00e1lasztm\u00e1ny\u00e1nak eln\u00f6ke.<br \/>\n\u00c1prilis harmincadik\u00e1ig nevezheti meg \u00faj minisztereit a Szabad Demokrat\u00e1k Sz\u00f6vets\u00e9ge- Gyurcs\u00e1ny Ferenc aj\u00e1nlat\u00e1t azonban a kisebbik korm\u00e1nyp\u00e1rt nem fogadja el. A Magyar Demokrata F\u00f3rum Orsz\u00e1gos V\u00e1lasztm\u00e1ny\u00e1nak eln\u00f6ke szerint ez azonban nem felt\u00e9tlen\u00fcl jelenti a kisebbs\u00e9gi korm\u00e1nyz\u00e1s kezdet\u00e9t. A politikus szerint rendez\u0151dik a koal\u00edci\u00f3 sorsa, b\u00e1r ebben &#8211; mint Katona K\u00e1lm\u00e1n fogalmazott- \u0151k csak szeml\u00e9l\u0151dni tudnak. A harmadik k\u00f6zt\u00e1rsas\u00e1g t\u00f6rt\u00e9nelm\u00e9ben m\u00e9g nem volt p\u00e9lda kisebbs\u00e9gi korm\u00e1nyz\u00e1sra, Katona K\u00e1lm\u00e1n szerint most sem lesz. A k\u00fcl\u00f6nf\u00e9le internetes h\u00edrport\u00e1lokon m\u00e1r megkezd\u0151dtek a tal\u00e1lgat\u00e1sok. Gr\u00e1f J\u00f3zseft\u0151l Szekeres Imr\u00e9n \u00e1t Kiss P\u00e9terig sorakoznak a jel\u00f6ltek. A rendszerv\u00e1lt\u00e1s ut\u00e1ni negyedik szocialista minisztereln\u00f6k szem\u00e9ly\u00e9t illet\u0151en az MDF politikusa nem bocs\u00e1tkozott tal\u00e1lgat\u00e1sokba, \u00e1m abban biztos, hogy az ut\u00f3dkeres\u00e9s m\u00e1r zajlik.<\/p>\n","protected":false},"excerpt":{"rendered":"<p>Nem lesz kisebbs\u00e9gi korm\u00e1nyz\u00e1s &#8211; v\u00e9li az MDF V\u00e1lasztm\u00e1ny\u00e1nak eln\u00f6ke. \u00c1prilis harmincadik\u00e1ig nevezheti meg \u00faj minisztereit a Szabad Demokrat\u00e1k Sz\u00f6vets\u00e9ge- Gyurcs\u00e1ny Ferenc aj\u00e1nlat\u00e1t azonban a kisebbik korm\u00e1nyp\u00e1rt nem fogadja el. A Magyar Demokrata F\u00f3rum Orsz\u00e1gos V\u00e1lasztm\u00e1ny\u00e1nak eln\u00f6ke szerint ez azonban nem felt\u00e9tlen\u00fcl jelenti a kisebbs\u00e9gi korm\u00e1nyz\u00e1s kezdet\u00e9t. A politikus szerint rendez\u0151dik a koal\u00edci\u00f3 sorsa, b\u00e1r [&hellip;]<\/p>\n","protected":false},"author":2,"featured_media":0,"comment_status":"open","ping_status":"open","sticky":false,"template":"","format":"standard","meta":[],"categories":[24],"tags":[],"_links":{"self":[{"href":"http:\/\/archiv.szolnoktv.hu\/index.php?rest_route=\/wp\/v2\/posts\/30953"}],"collection":[{"href":"http:\/\/archiv.szolnoktv.hu\/index.php?rest_route=\/wp\/v2\/posts"}],"about":[{"href":"http:\/\/archiv.szolnoktv.hu\/index.php?rest_route=\/wp\/v2\/types\/post"}],"author":[{"embeddable":true,"href":"http:\/\/archiv.szolnoktv.hu\/index.php?rest_route=\/wp\/v2\/users\/2"}],"replies":[{"embeddable":true,"href":"http:\/\/archiv.szolnoktv.hu\/index.php?rest_route=%2Fwp%2Fv2%2Fcomments&post=30953"}],"version-history":[{"count":1,"href":"http:\/\/archiv.szolnoktv.hu\/index.php?rest_route=\/wp\/v2\/posts\/30953\/revisions"}],"predecessor-version":[{"id":30960,"href":"http:\/\/archiv.szolnoktv.hu\/index.php?rest_route=\/wp\/v2\/posts\/30953\/revisions\/30960"}],"wp:attachment":[{"href":"http:\/\/archiv.szolnoktv.hu\/index.php?rest_route=%2Fwp%2Fv2%2Fmedia&parent=30953"}],"wp:term":[{"taxonomy":"category","embeddable":true,"href":"http:\/\/archiv.szolnoktv.hu\/index.php?rest_route=%2Fwp%2Fv2%2Fcategories&post=30953"},{"taxonomy":"post_tag","embeddable":true,"href":"http:\/\/archiv.szolnoktv.hu\/index.php?rest_route=%2Fwp%2Fv2%2Ftags&post=30953"}],"curies":[{"name":"wp","href":"https:\/\/api.w.org\/{rel}","templated":true}]}}