{"id":30952,"date":"2008-04-04T17:06:27","date_gmt":"2008-04-04T17:06:27","guid":{"rendered":"http:\/\/archiv.szolnoktv.hu\/?p=30952"},"modified":"2021-11-17T13:27:30","modified_gmt":"2021-11-17T13:27:30","slug":"a-kecskemeti-fotokor-kiallitasa-az-aba-novakban","status":"publish","type":"post","link":"http:\/\/archiv.szolnoktv.hu\/?p=30952","title":{"rendered":"A Kecskem\u00e9ti Fot\u00f3k\u00f6r ki\u00e1ll\u00edt\u00e1sa az Aba-Nov\u00e1kban"},"content":{"rendered":"<div class='booster-block booster-read-block'><\/div><p>A fot\u00f3z\u00e1s m\u00e1r nem kiv\u00e1lts\u00e1g. A modern digit\u00e1lis f\u00e9nyk\u00e9pez\u0151g\u00e9pekkel szinte b\u00e1rki tud sz\u00e9p k\u00e9pet k\u00e9sz\u00edteni, de m\u0171v\u00e9szit alkotni csak kevesen k\u00e9pesek. Ezt a Kecskem\u00e9ti Fot\u00f3k\u00f6r ki\u00e1ll\u00edt\u00e1sa t\u00f6bb p\u00e9ld\u00e1val is szeml\u00e9lteti.<br \/>\nAz 1999-ben \u00fajj\u00e1alakult, de m\u00e1r a 30-as \u00e9vek \u00f3ta m\u0171k\u00f6d\u0151 Kecskem\u00e9ti Fot\u00f3k\u00f6r ki\u00e1ll\u00edt\u00e1s szervezett az Aba-Nov\u00e1k Kultur\u00e1lis K\u00f6zpontban. A magukat amat\u0151r\u00f6knek vall\u00f3, de t\u00f6bb \u00e9vtizedes tapasztalattal rendelkez\u0151 m\u0171v\u00e9szek az elm\u00falt \u00f6t \u00e9v legjobb k\u00e9peib\u0151l v\u00e1logattak \u00f6ssze egy ki\u00e1ll\u00edt\u00e1st. Azt szeretn\u00e9k megmutatni ezzel a t\u00e1rlattal, hogy b\u00e1r manaps\u00e1g a fot\u00f3z\u00e1s a modern technika v\u00edvm\u00e1nyainak k\u00f6sz\u00f6nhet\u0151en m\u00e1r nem kiv\u00e1lts\u00e1g, \u00e9rt\u00e9ket alkotni csak kevesek tudnak. A ki\u00e1ll\u00edt\u00e1s \u00e1prilis 24-ig tekinthet\u0151 meg.<\/p>\n","protected":false},"excerpt":{"rendered":"<p>A fot\u00f3z\u00e1s m\u00e1r nem kiv\u00e1lts\u00e1g. A modern digit\u00e1lis f\u00e9nyk\u00e9pez\u0151g\u00e9pekkel szinte b\u00e1rki tud sz\u00e9p k\u00e9pet k\u00e9sz\u00edteni, de m\u0171v\u00e9szit alkotni csak kevesen k\u00e9pesek. Ezt a Kecskem\u00e9ti Fot\u00f3k\u00f6r ki\u00e1ll\u00edt\u00e1sa t\u00f6bb p\u00e9ld\u00e1val is szeml\u00e9lteti. Az 1999-ben \u00fajj\u00e1alakult, de m\u00e1r a 30-as \u00e9vek \u00f3ta m\u0171k\u00f6d\u0151 Kecskem\u00e9ti Fot\u00f3k\u00f6r ki\u00e1ll\u00edt\u00e1s szervezett az Aba-Nov\u00e1k Kultur\u00e1lis K\u00f6zpontban. A magukat amat\u0151r\u00f6knek vall\u00f3, de t\u00f6bb \u00e9vtizedes [&hellip;]<\/p>\n","protected":false},"author":2,"featured_media":0,"comment_status":"open","ping_status":"open","sticky":false,"template":"","format":"standard","meta":[],"categories":[24],"tags":[],"_links":{"self":[{"href":"http:\/\/archiv.szolnoktv.hu\/index.php?rest_route=\/wp\/v2\/posts\/30952"}],"collection":[{"href":"http:\/\/archiv.szolnoktv.hu\/index.php?rest_route=\/wp\/v2\/posts"}],"about":[{"href":"http:\/\/archiv.szolnoktv.hu\/index.php?rest_route=\/wp\/v2\/types\/post"}],"author":[{"embeddable":true,"href":"http:\/\/archiv.szolnoktv.hu\/index.php?rest_route=\/wp\/v2\/users\/2"}],"replies":[{"embeddable":true,"href":"http:\/\/archiv.szolnoktv.hu\/index.php?rest_route=%2Fwp%2Fv2%2Fcomments&post=30952"}],"version-history":[{"count":1,"href":"http:\/\/archiv.szolnoktv.hu\/index.php?rest_route=\/wp\/v2\/posts\/30952\/revisions"}],"predecessor-version":[{"id":30961,"href":"http:\/\/archiv.szolnoktv.hu\/index.php?rest_route=\/wp\/v2\/posts\/30952\/revisions\/30961"}],"wp:attachment":[{"href":"http:\/\/archiv.szolnoktv.hu\/index.php?rest_route=%2Fwp%2Fv2%2Fmedia&parent=30952"}],"wp:term":[{"taxonomy":"category","embeddable":true,"href":"http:\/\/archiv.szolnoktv.hu\/index.php?rest_route=%2Fwp%2Fv2%2Fcategories&post=30952"},{"taxonomy":"post_tag","embeddable":true,"href":"http:\/\/archiv.szolnoktv.hu\/index.php?rest_route=%2Fwp%2Fv2%2Ftags&post=30952"}],"curies":[{"name":"wp","href":"https:\/\/api.w.org\/{rel}","templated":true}]}}