{"id":30951,"date":"2008-04-04T17:05:50","date_gmt":"2008-04-04T17:05:50","guid":{"rendered":"http:\/\/archiv.szolnoktv.hu\/?p=30951"},"modified":"2021-11-17T13:27:30","modified_gmt":"2021-11-17T13:27:30","slug":"kanizsa-tivadar-emlektabla","status":"publish","type":"post","link":"http:\/\/archiv.szolnoktv.hu\/?p=30951","title":{"rendered":"Kanizsa Tivadar eml\u00e9kt\u00e1bla"},"content":{"rendered":"<div class='booster-block booster-read-block'><\/div><p>Ma lenne 75 \u00e9ves. Kanizsa Tivadar, k\u00e9tszeres olimpiai bajnok v\u00edzilabd\u00e1z\u00f3ra eml\u00e9keztek a r\u00f3la elnevezett v\u00e1rosi tanuszod\u00e1ban.<br \/>\nKanizsa Tivadar 1954-t\u0151l a Szolnoki D\u00f3zsa v\u00edzilabd\u00e1z\u00f3ja \u00e9s \u00fasz\u00f3ja volt. Mindk\u00e9t szak\u00e1gban szerzett magyar bajnoki c\u00edmet, v\u00edzilabd\u00e1z\u00f3k\u00e9nt hatot, \u00fasz\u00f3k\u00e9nt pedig kett\u0151t, de nemzetk\u00f6zi szint\u0171 sporteredm\u00e9nyeit v\u00edzilabd\u00e1ban szerezte. 1955-t\u0151l 1965-ig sz\u00e1zh\u00e1rom alkalommal szerepelt a magyar v\u00edzilabda-v\u00e1logatottban. Az 1956-os melbourne-i, \u00e9s az 1964-es toki\u00f3i olimpi\u00e1n tagja volt az olimpiai bajnoki c\u00edmet, az 1960. \u00e9vi r\u00f3mai olimpi\u00e1n bronz\u00e9rmet nyert magyar csapatnak. Kanizsa Tivadar f\u00e1jdalmasan fiatalon, 42 \u00e9vesen, aut\u00f3balesetben vesztette \u00e9let\u00e9t, ma lenne 75 \u00e9ves. Tisztelet\u00e9re avattak eml\u00e9kt\u00e1bl\u00e1t a r\u00f3la elnevezett v\u00e1rosi tanuszod\u00e1ban, tisztelet\u00e9re gy\u0171ltek \u00f6ssze egykori csapatt\u00e1rsak, olimpiai \u00e9s magyar bajnokok, a ma v\u00edzilabd\u00e1z\u00f3i, csal\u00e1dtagok \u00e9s mindazok, akik szerett\u00e9k \u00e9s tisztelt\u00e9k. Meghatotts\u00e1ggal \u00e9s k\u00f6nnyekkel a szemekben id\u00e9zt\u00e9k fel mindannyian a dics\u0151 r\u00e9gm\u00faltat. Kanizsa Tivadar 75. sz\u00fclet\u00e9snapja nem csak az eml\u00e9kt\u00e1bla avat\u00e1s miatt nevezetes. Ma adt\u00e1k \u00e1t hivatalosan az olimpiai bajnok nev\u00e9t visel\u0151, fel\u00faj\u00edtott, megsz\u00e9p\u00fclt v\u00e1rosi tanuszod\u00e1t, st\u00edlszer\u0171en di\u00e1k \u00fasz\u00f3versennyel.<\/p>\n","protected":false},"excerpt":{"rendered":"<p>Ma lenne 75 \u00e9ves. Kanizsa Tivadar, k\u00e9tszeres olimpiai bajnok v\u00edzilabd\u00e1z\u00f3ra eml\u00e9keztek a r\u00f3la elnevezett v\u00e1rosi tanuszod\u00e1ban. Kanizsa Tivadar 1954-t\u0151l a Szolnoki D\u00f3zsa v\u00edzilabd\u00e1z\u00f3ja \u00e9s \u00fasz\u00f3ja volt. Mindk\u00e9t szak\u00e1gban szerzett magyar bajnoki c\u00edmet, v\u00edzilabd\u00e1z\u00f3k\u00e9nt hatot, \u00fasz\u00f3k\u00e9nt pedig kett\u0151t, de nemzetk\u00f6zi szint\u0171 sporteredm\u00e9nyeit v\u00edzilabd\u00e1ban szerezte. 1955-t\u0151l 1965-ig sz\u00e1zh\u00e1rom alkalommal szerepelt a magyar v\u00edzilabda-v\u00e1logatottban. Az 1956-os melbourne-i, \u00e9s [&hellip;]<\/p>\n","protected":false},"author":2,"featured_media":0,"comment_status":"open","ping_status":"open","sticky":false,"template":"","format":"standard","meta":[],"categories":[24],"tags":[],"_links":{"self":[{"href":"http:\/\/archiv.szolnoktv.hu\/index.php?rest_route=\/wp\/v2\/posts\/30951"}],"collection":[{"href":"http:\/\/archiv.szolnoktv.hu\/index.php?rest_route=\/wp\/v2\/posts"}],"about":[{"href":"http:\/\/archiv.szolnoktv.hu\/index.php?rest_route=\/wp\/v2\/types\/post"}],"author":[{"embeddable":true,"href":"http:\/\/archiv.szolnoktv.hu\/index.php?rest_route=\/wp\/v2\/users\/2"}],"replies":[{"embeddable":true,"href":"http:\/\/archiv.szolnoktv.hu\/index.php?rest_route=%2Fwp%2Fv2%2Fcomments&post=30951"}],"version-history":[{"count":1,"href":"http:\/\/archiv.szolnoktv.hu\/index.php?rest_route=\/wp\/v2\/posts\/30951\/revisions"}],"predecessor-version":[{"id":30962,"href":"http:\/\/archiv.szolnoktv.hu\/index.php?rest_route=\/wp\/v2\/posts\/30951\/revisions\/30962"}],"wp:attachment":[{"href":"http:\/\/archiv.szolnoktv.hu\/index.php?rest_route=%2Fwp%2Fv2%2Fmedia&parent=30951"}],"wp:term":[{"taxonomy":"category","embeddable":true,"href":"http:\/\/archiv.szolnoktv.hu\/index.php?rest_route=%2Fwp%2Fv2%2Fcategories&post=30951"},{"taxonomy":"post_tag","embeddable":true,"href":"http:\/\/archiv.szolnoktv.hu\/index.php?rest_route=%2Fwp%2Fv2%2Ftags&post=30951"}],"curies":[{"name":"wp","href":"https:\/\/api.w.org\/{rel}","templated":true}]}}