{"id":30950,"date":"2008-04-04T17:05:28","date_gmt":"2008-04-04T17:05:28","guid":{"rendered":"http:\/\/archiv.szolnoktv.hu\/?p=30950"},"modified":"2021-11-17T13:27:30","modified_gmt":"2021-11-17T13:27:30","slug":"sikeres-epuletfelujitas-a-panelprogram-reven","status":"publish","type":"post","link":"http:\/\/archiv.szolnoktv.hu\/?p=30950","title":{"rendered":"Sikeres \u00e9p\u00fcletfel\u00faj\u00edt\u00e1s a panelprogram r\u00e9v\u00e9n"},"content":{"rendered":"<div class='booster-block booster-read-block'><\/div><p>Befejez\u0151d\u00f6tt a panelprogram eddigi legnagyobb fel\u00faj\u00edt\u00e1sa a Bajcsy-Zsilinszky \u00faton. Eredetileg \u00fagy tervezt\u00e9k, hogy a munk\u00e1latok 250 milli\u00f3 forintba ker\u00fclnek, a k\u00f6zbeszerz\u00e9s sor\u00e1n azonban kider\u00fclt, hogy a kivitelez\u00e9si munk\u00e1latokat 150-160 milli\u00f3b\u00f3l siker\u00fcl megoldani.<br \/>\nA lak\u00f3k\u00f6z\u00f6ss\u00e9g a h\u00e1zat \u00fczemeltet\u0151 sz\u00f6vetkezet biztat\u00e1s\u00e1ra v\u00e1gott bele a fel\u00faj\u00edt\u00e1sba. Nem volt egyszer\u0171 meggy\u0151zni az itt \u00e9l\u0151ket, hogy hosszabb t\u00e1von megt\u00e9r\u00fcl a beruh\u00e1z\u00e1s. A 9 emeletes, 234 lak\u00e1sos \u00e9p\u00fcletben t\u00f6bb mint ezer nyil\u00e1sz\u00e1r\u00f3t cser\u00e9lt ki a Borovi, \u00e9s 7 ezer n\u00e9gyzetm\u00e9ternyi k\u00fcls\u0151 homlokzatot h\u0151szigetelt a Szoltisz. A lak\u00f3k\u00f6z\u00f6ss\u00e9g n\u00e9gy \u00e9vig k\u00e9sz\u00fclt a beruh\u00e1z\u00e1sra, lak\u00e1sel\u0151takar\u00e9koss\u00e1gi szerz\u0151d\u00e9st k\u00f6t\u00f6ttek, r\u00e9szben ebb\u0151l, r\u00e9szben hitelb\u0151l finansz\u00edrozt\u00e1k a beruh\u00e1z\u00e1s egyharmados \u00f6nerej\u00e9t. A lak\u00f3knak havonta, n\u00e9gyzetm\u00e9terenk\u00e9nt 30 forinttal kell \u00edgy t\u00f6bbet fizetni\u00fck. Az eredetileg felvett 80 milli\u00f3 forintos hitelb&#245;l 50-et vitt el a fel\u00faj\u00edt\u00e1s, a megmaradt p\u00e9nzt a panelprogramb\u00f3l nem finansz\u00edrozhat\u00f3, tov\u00e1bbi csinos\u00edt\u00e1si munk\u00e1latokra k\u00f6ltik. Ennek r\u00e9v\u00e9n sz\u00e9p\u00fcl meg a f\u00f6ldszinti homlokzat, \u00e9s mutat egsys\u00e9ges k\u00e9pet az \u00e9p\u00fclettel, de m\u00e1r tervezik a g\u00e9p\u00e9szeti berendez\u00e9sek, \u00edgy a liftek fel\u00faj\u00edt\u00e1s\u00e1t is.<\/p>\n","protected":false},"excerpt":{"rendered":"<p>Befejez\u0151d\u00f6tt a panelprogram eddigi legnagyobb fel\u00faj\u00edt\u00e1sa a Bajcsy-Zsilinszky \u00faton. Eredetileg \u00fagy tervezt\u00e9k, hogy a munk\u00e1latok 250 milli\u00f3 forintba ker\u00fclnek, a k\u00f6zbeszerz\u00e9s sor\u00e1n azonban kider\u00fclt, hogy a kivitelez\u00e9si munk\u00e1latokat 150-160 milli\u00f3b\u00f3l siker\u00fcl megoldani. A lak\u00f3k\u00f6z\u00f6ss\u00e9g a h\u00e1zat \u00fczemeltet\u0151 sz\u00f6vetkezet biztat\u00e1s\u00e1ra v\u00e1gott bele a fel\u00faj\u00edt\u00e1sba. Nem volt egyszer\u0171 meggy\u0151zni az itt \u00e9l\u0151ket, hogy hosszabb t\u00e1von megt\u00e9r\u00fcl a [&hellip;]<\/p>\n","protected":false},"author":2,"featured_media":0,"comment_status":"open","ping_status":"open","sticky":false,"template":"","format":"standard","meta":[],"categories":[24],"tags":[],"_links":{"self":[{"href":"http:\/\/archiv.szolnoktv.hu\/index.php?rest_route=\/wp\/v2\/posts\/30950"}],"collection":[{"href":"http:\/\/archiv.szolnoktv.hu\/index.php?rest_route=\/wp\/v2\/posts"}],"about":[{"href":"http:\/\/archiv.szolnoktv.hu\/index.php?rest_route=\/wp\/v2\/types\/post"}],"author":[{"embeddable":true,"href":"http:\/\/archiv.szolnoktv.hu\/index.php?rest_route=\/wp\/v2\/users\/2"}],"replies":[{"embeddable":true,"href":"http:\/\/archiv.szolnoktv.hu\/index.php?rest_route=%2Fwp%2Fv2%2Fcomments&post=30950"}],"version-history":[{"count":1,"href":"http:\/\/archiv.szolnoktv.hu\/index.php?rest_route=\/wp\/v2\/posts\/30950\/revisions"}],"predecessor-version":[{"id":30963,"href":"http:\/\/archiv.szolnoktv.hu\/index.php?rest_route=\/wp\/v2\/posts\/30950\/revisions\/30963"}],"wp:attachment":[{"href":"http:\/\/archiv.szolnoktv.hu\/index.php?rest_route=%2Fwp%2Fv2%2Fmedia&parent=30950"}],"wp:term":[{"taxonomy":"category","embeddable":true,"href":"http:\/\/archiv.szolnoktv.hu\/index.php?rest_route=%2Fwp%2Fv2%2Fcategories&post=30950"},{"taxonomy":"post_tag","embeddable":true,"href":"http:\/\/archiv.szolnoktv.hu\/index.php?rest_route=%2Fwp%2Fv2%2Ftags&post=30950"}],"curies":[{"name":"wp","href":"https:\/\/api.w.org\/{rel}","templated":true}]}}