{"id":30948,"date":"2008-04-03T20:18:40","date_gmt":"2008-04-03T20:18:40","guid":{"rendered":"http:\/\/archiv.szolnoktv.hu\/?p=30948"},"modified":"2021-11-17T13:27:30","modified_gmt":"2021-11-17T13:27:30","slug":"herman-toprengo-2","status":"publish","type":"post","link":"http:\/\/archiv.szolnoktv.hu\/?p=30948","title":{"rendered":"Herman T\u00f6preng\u0151"},"content":{"rendered":"<div class='booster-block booster-read-block'><\/div><p>Herman T\u00f6rpeng\u0151 a Szent-Gy\u00f6rgyi Albert \u00c1ltal\u00e1nos Iskol\u00e1ban. A kilencedik alkalommal megrendezett versenyen Szolnok \u00e9s k\u00f6rny\u00e9ki \u00e1ltal\u00e1nos iskol\u00e1k m\u00e1sodik oszt\u00e1lyos kis matematikusai vettek r\u00e9szt.<br \/>\nFiatal matematika-tehets\u00e9gek m\u00e9rt\u00e9k \u00f6ssze tud\u00e1sukat a Szent-Gy\u00f6rgyi Albert \u00c1ltal\u00e1nos Iskola \u00e1ltal rendezett Herman T\u00f6preng\u0151n. Az imm\u00e1r kilencedik alkalommal megtartott versenyen a t\u00e9rs\u00e9g iskol\u00e1inak m\u00e1sodik oszt\u00e1lyos di\u00e1kjai vehettek r\u00e9szt. Katona M\u00f3nika, a verseny egyik szervez\u0151je elmondta: az\u00e9rt vezett\u00e9k be a T\u00f6preng\u0151t kilenc \u00e9vvel ezel\u0151tt, mert a kisebb gyerekeknek nincs, vagy nagyon kev\u00e9s lehet\u0151s\u00e9g\u00fck van arra, hogy kipr\u00f3b\u00e1lhass\u00e1k magukat, milyen \u00fcgyesek ebben a tant\u00e1rgyban. A cs\u00fct\u00f6rt\u00f6ki megm\u00e9rettet\u00e9sen 12 iskol\u00e1b\u00f3l 36 kisdi\u00e1k vett r\u00e9szt. A legjobbnak id\u00e9n Paksi Barnab\u00e1s bizonyult a II. R\u00e1k\u00f3czi Ferenc \u00c1ltal\u00e1nos Iskol\u00e1b\u00f3l. M\u00e1sodik lett M\u00e1zl\u00f3 Krisztina, a harmadik helyen pedig Sipos Adrienn v\u00e9gzett; mindketten a Sz\u00e9chenyi K\u00f6r\u00fati \u00c1ltal\u00e1nos Iskola di\u00e1kjai. A helyezettek k\u00f6nyvjutalomban r\u00e9szes\u00fcltek.<\/p>\n","protected":false},"excerpt":{"rendered":"<p>Herman T\u00f6rpeng\u0151 a Szent-Gy\u00f6rgyi Albert \u00c1ltal\u00e1nos Iskol\u00e1ban. A kilencedik alkalommal megrendezett versenyen Szolnok \u00e9s k\u00f6rny\u00e9ki \u00e1ltal\u00e1nos iskol\u00e1k m\u00e1sodik oszt\u00e1lyos kis matematikusai vettek r\u00e9szt. Fiatal matematika-tehets\u00e9gek m\u00e9rt\u00e9k \u00f6ssze tud\u00e1sukat a Szent-Gy\u00f6rgyi Albert \u00c1ltal\u00e1nos Iskola \u00e1ltal rendezett Herman T\u00f6preng\u0151n. Az imm\u00e1r kilencedik alkalommal megtartott versenyen a t\u00e9rs\u00e9g iskol\u00e1inak m\u00e1sodik oszt\u00e1lyos di\u00e1kjai vehettek r\u00e9szt. Katona M\u00f3nika, a verseny [&hellip;]<\/p>\n","protected":false},"author":2,"featured_media":0,"comment_status":"open","ping_status":"open","sticky":false,"template":"","format":"standard","meta":[],"categories":[24],"tags":[],"_links":{"self":[{"href":"http:\/\/archiv.szolnoktv.hu\/index.php?rest_route=\/wp\/v2\/posts\/30948"}],"collection":[{"href":"http:\/\/archiv.szolnoktv.hu\/index.php?rest_route=\/wp\/v2\/posts"}],"about":[{"href":"http:\/\/archiv.szolnoktv.hu\/index.php?rest_route=\/wp\/v2\/types\/post"}],"author":[{"embeddable":true,"href":"http:\/\/archiv.szolnoktv.hu\/index.php?rest_route=\/wp\/v2\/users\/2"}],"replies":[{"embeddable":true,"href":"http:\/\/archiv.szolnoktv.hu\/index.php?rest_route=%2Fwp%2Fv2%2Fcomments&post=30948"}],"version-history":[{"count":1,"href":"http:\/\/archiv.szolnoktv.hu\/index.php?rest_route=\/wp\/v2\/posts\/30948\/revisions"}],"predecessor-version":[{"id":30965,"href":"http:\/\/archiv.szolnoktv.hu\/index.php?rest_route=\/wp\/v2\/posts\/30948\/revisions\/30965"}],"wp:attachment":[{"href":"http:\/\/archiv.szolnoktv.hu\/index.php?rest_route=%2Fwp%2Fv2%2Fmedia&parent=30948"}],"wp:term":[{"taxonomy":"category","embeddable":true,"href":"http:\/\/archiv.szolnoktv.hu\/index.php?rest_route=%2Fwp%2Fv2%2Fcategories&post=30948"},{"taxonomy":"post_tag","embeddable":true,"href":"http:\/\/archiv.szolnoktv.hu\/index.php?rest_route=%2Fwp%2Fv2%2Ftags&post=30948"}],"curies":[{"name":"wp","href":"https:\/\/api.w.org\/{rel}","templated":true}]}}