{"id":30947,"date":"2008-04-03T20:02:07","date_gmt":"2008-04-03T20:02:07","guid":{"rendered":"http:\/\/archiv.szolnoktv.hu\/?p=30947"},"modified":"2021-11-17T13:27:30","modified_gmt":"2021-11-17T13:27:30","slug":"teruletfejlesztesi-tanacs-2","status":"publish","type":"post","link":"http:\/\/archiv.szolnoktv.hu\/?p=30947","title":{"rendered":"Ter\u00fcletfejleszt\u00e9si Tan\u00e1cs"},"content":{"rendered":"<div class='booster-block booster-read-block'><\/div><p>Elk\u00e9sz\u00fclt a rom\u00e1k foglalkoztatotts\u00e1g\u00e1t b\u0151v\u00edt\u0151 megyei integr\u00e1lt strat\u00e9gia, melyet mai \u00fcl\u00e9s\u00e9n hagyott j\u00f3v\u00e1 a JNSZ Megyei Ter\u00fcletfejleszt\u00e9si Tan\u00e1cs. A projektre a Lungo Drom nyert p\u00e9nzt a Region\u00e1lis Operat\u00edv Program p\u00e1ly\u00e1zat\u00e1n.<br \/>\nA megy\u00e9ben \u00e9l\u0151 410 ezer ember 7-10 sz\u00e1zal\u00e9ka roma, legal\u00e1bbis a becsl\u00e9sek szerint, pontos adatok ugyanis nem \u00e1llnak rendelkez\u00e9sre. Bejelentett, \u00e1lland\u00f3 mukaviszonnyal a statisztik\u00e1k szerint az akt\u00edv kor\u00fa cig\u00e1ny lakoss\u00e1g mintegy 10 sz\u00e1zal\u00e9ka rendelkezik. Ezen a helyzeten k\u00edv\u00e1n jav\u00edtani a Lungo Drom vezet\u00e9s\u00e9vel elk\u00e9sz\u00edtett megyei integr\u00e1lt strat\u00e9gia, amely a rom\u00e1k foglalkoztatotts\u00e1g\u00e1nak b\u0151v\u00edt\u00e9s\u00e9t t\u0171zte ki c\u00e9lul. A helyi h\u00e1l\u00f3zat ki\u00e9p\u00edt\u00e9s\u00e9n \u00e9s m\u0171k\u00f6dtet\u00e9s\u00e9n alapul\u00f3 program r\u00e9szek\u00e9nt megsz\u00fcletett egy foglalkoztat\u00e1si paktum is, amelyet Tiszab\u0151, Tiszabura \u00e9s Tiszaroff \u00f6nkorm\u00e1nyzatain k\u00edv\u00fcl valamennyi kisebbs\u00e9gi \u00f6nkorm\u00e1nyzat, sz\u00e1mos partner- \u00e9s k\u00e9pz\u0151szervezet, illetve t\u00f6bb v\u00e1llalkoz\u00e1s is al\u00e1\u00edrt. A Ter\u00fcletfejleszt\u00e9si Tan\u00e1cs \u00e1ltal is j\u00f3v\u00e1hagyott strat\u00e9gia kiemelt c\u00e9ljai k\u00f6z\u00f6tt szerepel a foglalkoztat\u00e1st el\u0151seg\u00edt\u0151 programok megval\u00f3s\u00edt\u00e1sa, a munkaer\u0151-piaci ig\u00e9nyek folyamatos figyelemmel k\u00eds\u00e9r\u00e9se \u00e9s a k\u00fcl\u00f6nb\u00f6z\u0151 uni\u00f3s \u00e9s hazai t\u00e1mogat\u00e1si forr\u00e1sok min\u00e9l hat\u00e9konyabb leh\u00edv\u00e1sa.<\/p>\n","protected":false},"excerpt":{"rendered":"<p>Elk\u00e9sz\u00fclt a rom\u00e1k foglalkoztatotts\u00e1g\u00e1t b\u0151v\u00edt\u0151 megyei integr\u00e1lt strat\u00e9gia, melyet mai \u00fcl\u00e9s\u00e9n hagyott j\u00f3v\u00e1 a JNSZ Megyei Ter\u00fcletfejleszt\u00e9si Tan\u00e1cs. A projektre a Lungo Drom nyert p\u00e9nzt a Region\u00e1lis Operat\u00edv Program p\u00e1ly\u00e1zat\u00e1n. A megy\u00e9ben \u00e9l\u0151 410 ezer ember 7-10 sz\u00e1zal\u00e9ka roma, legal\u00e1bbis a becsl\u00e9sek szerint, pontos adatok ugyanis nem \u00e1llnak rendelkez\u00e9sre. Bejelentett, \u00e1lland\u00f3 mukaviszonnyal a statisztik\u00e1k szerint [&hellip;]<\/p>\n","protected":false},"author":2,"featured_media":0,"comment_status":"open","ping_status":"open","sticky":false,"template":"","format":"standard","meta":[],"categories":[24],"tags":[],"_links":{"self":[{"href":"http:\/\/archiv.szolnoktv.hu\/index.php?rest_route=\/wp\/v2\/posts\/30947"}],"collection":[{"href":"http:\/\/archiv.szolnoktv.hu\/index.php?rest_route=\/wp\/v2\/posts"}],"about":[{"href":"http:\/\/archiv.szolnoktv.hu\/index.php?rest_route=\/wp\/v2\/types\/post"}],"author":[{"embeddable":true,"href":"http:\/\/archiv.szolnoktv.hu\/index.php?rest_route=\/wp\/v2\/users\/2"}],"replies":[{"embeddable":true,"href":"http:\/\/archiv.szolnoktv.hu\/index.php?rest_route=%2Fwp%2Fv2%2Fcomments&post=30947"}],"version-history":[{"count":1,"href":"http:\/\/archiv.szolnoktv.hu\/index.php?rest_route=\/wp\/v2\/posts\/30947\/revisions"}],"predecessor-version":[{"id":30966,"href":"http:\/\/archiv.szolnoktv.hu\/index.php?rest_route=\/wp\/v2\/posts\/30947\/revisions\/30966"}],"wp:attachment":[{"href":"http:\/\/archiv.szolnoktv.hu\/index.php?rest_route=%2Fwp%2Fv2%2Fmedia&parent=30947"}],"wp:term":[{"taxonomy":"category","embeddable":true,"href":"http:\/\/archiv.szolnoktv.hu\/index.php?rest_route=%2Fwp%2Fv2%2Fcategories&post=30947"},{"taxonomy":"post_tag","embeddable":true,"href":"http:\/\/archiv.szolnoktv.hu\/index.php?rest_route=%2Fwp%2Fv2%2Ftags&post=30947"}],"curies":[{"name":"wp","href":"https:\/\/api.w.org\/{rel}","templated":true}]}}