{"id":30946,"date":"2008-04-03T17:52:47","date_gmt":"2008-04-03T17:52:47","guid":{"rendered":"http:\/\/archiv.szolnoktv.hu\/?p=30946"},"modified":"2021-11-17T13:27:30","modified_gmt":"2021-11-17T13:27:30","slug":"pedagogiai-hetek","status":"publish","type":"post","link":"http:\/\/archiv.szolnoktv.hu\/?p=30946","title":{"rendered":"Pedag\u00f3giai Hetek"},"content":{"rendered":"<div class='booster-block booster-read-block'><\/div><p>A versenyeztet\u00e9s mellett a pedag\u00f3gusoknak ezent\u00fal a gyerekek k\u00f6z\u00f6tti egy\u00fcttm\u0171k\u00f6d\u00e9sre \u00e9s az elfogad\u00e1sra kell helyezni\u00fck a hangs\u00falyt. Ez a k\u00f6zponti t\u00e9ma a ma kezd\u0151d\u00f6tt J\u00e1sz-Nagykun-Szolnok Megyei Pedag\u00f3giai Hetek rendezv\u00e9nysorozaton. A program k\u00edn\u00e1lat\u00e1ban az el\u0151ad\u00e1sok mellett bemutat\u00f3 foglalkoz\u00e1sok is szerepelnek.<br \/>\nVerseng\u00e9s, egy\u00fcttm\u0171k\u00f6d\u00e9s, befogad\u00e1s. Ez a t\u00e9m\u00e1ja id\u00e9n a J\u00e1sz-Nagykun-Szolnok Megyei Pedag\u00f3giai Heteknek. A rendezv\u00e9ny a mai nyit\u00f3konferenci\u00e1val kezd\u0151d\u00f6tt, \u00e9s \u00e1prilis 15-ig tart majd. A program kett\u0151s jelent\u0151s\u00e9ggel b\u00edr. Egyfel\u0151l a k\u00fcl\u00f6nb\u00f6z\u0151 helyekr\u0151l \u00e9rkez\u0151 pedag\u00f3gusok tapasztalatot cser\u00e9lhetnek, m\u00e1sr\u00e9szt a szervez\u0151 Pedag\u00f3gia Int\u00e9zet minden \u00e9vben olyan t\u00e9m\u00e1t igyekszik v\u00e1lasztani, amely a legaktu\u00e1lisabb az elk\u00f6vetkezend\u0151 id\u0151ben. A hagyom\u00e1nyos pedag\u00f3gi\u00e1ban a versenyeztet\u00e9sen, az egy\u00e9ni teljes\u00edtm\u00e9nyen volt a hangs\u00faly. Emellett most el\u0151t\u00e9rbe ker\u00fcl a csoportba val\u00f3 befogad\u00e1s \u00e9s a gyerekek k\u00f6zti egy\u00fcttm\u0171k\u00f6d\u00e9s is. A szolnoki Kod\u00e1ly Zolt\u00e1n \u00c1ltal\u00e1nos Iskola egyik oszt\u00e1ly\u00e1ban \u00e9ppen ezek\u00e9 a f\u0151szerep. A Sz\u00fcl\u0151f\u00f6ld\u00fcnk elnevez\u00e9s\u0171 programban k\u00fcl\u00f6nb\u00f6z\u0151 k\u00e9pess\u00e9g\u0171 gyermekek csoportokra osztva dolgoznak az \u00f3r\u00e1kon. Mindenkinek megvan a szerepe, \u00edgy a gyermekek megtanulnak egym\u00e1s munk\u00e1j\u00e1ra t\u00e1maszkodva k\u00f6z\u00f6sen dolgozni, egy\u00fcttm\u0171k\u00f6dni. Kalm\u00e1rn\u00e9 T\u00f6r\u00f6k Eszter tan\u00edt\u00f3-dr\u00e1mapedag\u00f3gus elmondta, a k\u00f6z\u00f6s program j\u00f3 hat\u00e1ssal van a gyerekekre az \u00e9let t\u00f6bbi ter\u00fclet\u00e9n is, hiszen elfogad\u00f3bb\u00e1, toler\u00e1nsabb\u00e1 v\u00e1lnak egym\u00e1ssal, \u00e9s ez munk\u00e1jukra \u00e9s szem\u00e9lyis\u00e9g\u00fckre is pozit\u00edv hat\u00e1ssal van. A Pedag\u00f3gia Hetek ideje alatt a Kod\u00e1ly Zolt\u00e1n \u00c1ltal\u00e1nos Iskola mellett kist\u00e9rs\u00e9g 12 telep\u00fcl\u00e9s\u00e9nek int\u00e9zm\u00e9ny\u00e9ben tartanak el\u0151ad\u00e1sokat, illetve bemutat\u00f3 \u00f3r\u00e1kat.<\/p>\n","protected":false},"excerpt":{"rendered":"<p>A versenyeztet\u00e9s mellett a pedag\u00f3gusoknak ezent\u00fal a gyerekek k\u00f6z\u00f6tti egy\u00fcttm\u0171k\u00f6d\u00e9sre \u00e9s az elfogad\u00e1sra kell helyezni\u00fck a hangs\u00falyt. Ez a k\u00f6zponti t\u00e9ma a ma kezd\u0151d\u00f6tt J\u00e1sz-Nagykun-Szolnok Megyei Pedag\u00f3giai Hetek rendezv\u00e9nysorozaton. A program k\u00edn\u00e1lat\u00e1ban az el\u0151ad\u00e1sok mellett bemutat\u00f3 foglalkoz\u00e1sok is szerepelnek. Verseng\u00e9s, egy\u00fcttm\u0171k\u00f6d\u00e9s, befogad\u00e1s. Ez a t\u00e9m\u00e1ja id\u00e9n a J\u00e1sz-Nagykun-Szolnok Megyei Pedag\u00f3giai Heteknek. A rendezv\u00e9ny a mai [&hellip;]<\/p>\n","protected":false},"author":2,"featured_media":0,"comment_status":"open","ping_status":"open","sticky":false,"template":"","format":"standard","meta":[],"categories":[24],"tags":[],"_links":{"self":[{"href":"http:\/\/archiv.szolnoktv.hu\/index.php?rest_route=\/wp\/v2\/posts\/30946"}],"collection":[{"href":"http:\/\/archiv.szolnoktv.hu\/index.php?rest_route=\/wp\/v2\/posts"}],"about":[{"href":"http:\/\/archiv.szolnoktv.hu\/index.php?rest_route=\/wp\/v2\/types\/post"}],"author":[{"embeddable":true,"href":"http:\/\/archiv.szolnoktv.hu\/index.php?rest_route=\/wp\/v2\/users\/2"}],"replies":[{"embeddable":true,"href":"http:\/\/archiv.szolnoktv.hu\/index.php?rest_route=%2Fwp%2Fv2%2Fcomments&post=30946"}],"version-history":[{"count":1,"href":"http:\/\/archiv.szolnoktv.hu\/index.php?rest_route=\/wp\/v2\/posts\/30946\/revisions"}],"predecessor-version":[{"id":30967,"href":"http:\/\/archiv.szolnoktv.hu\/index.php?rest_route=\/wp\/v2\/posts\/30946\/revisions\/30967"}],"wp:attachment":[{"href":"http:\/\/archiv.szolnoktv.hu\/index.php?rest_route=%2Fwp%2Fv2%2Fmedia&parent=30946"}],"wp:term":[{"taxonomy":"category","embeddable":true,"href":"http:\/\/archiv.szolnoktv.hu\/index.php?rest_route=%2Fwp%2Fv2%2Fcategories&post=30946"},{"taxonomy":"post_tag","embeddable":true,"href":"http:\/\/archiv.szolnoktv.hu\/index.php?rest_route=%2Fwp%2Fv2%2Ftags&post=30946"}],"curies":[{"name":"wp","href":"https:\/\/api.w.org\/{rel}","templated":true}]}}