{"id":30945,"date":"2008-04-03T17:52:23","date_gmt":"2008-04-03T17:52:23","guid":{"rendered":"http:\/\/archiv.szolnoktv.hu\/?p=30945"},"modified":"2021-11-17T13:27:30","modified_gmt":"2021-11-17T13:27:30","slug":"panelprogram-2","status":"publish","type":"post","link":"http:\/\/archiv.szolnoktv.hu\/?p=30945","title":{"rendered":"Panelprogram"},"content":{"rendered":"<div class='booster-block booster-read-block'><\/div><p>Nehezed\u0151 felt\u00e9telek a panelprogramban. A t\u00e1rsash\u00e1zaknak id\u00e9n k\u00f6r\u00fclm\u00e9nyesebb lesz p\u00e1ly\u00e1zni a panelprogramra, mint a kor\u00e1bbi \u00e9vekben. Ennek ellen\u00e9re most a legnagyobb az \u00e9rdel\u0151d\u00e9s. Eddig k\u00f6r\u00fclbel\u00fcl 50 \u00e9p\u00fclet k\u00f6z\u00f6ss\u00e9ge jelezte ig\u00e9ny\u00e9t a lak\u00e1sok moderniz\u00e1l\u00e1s\u00e1ra.<br \/>\n2008-ban Szolnokon az ig\u00e9nyek minden eddigin\u00e9l magasabbak a panelprogramra. B\u00e1r szeptember v\u00e9g\u00e9ig lehet leadni a p\u00e1ly\u00e1zatokat, m\u00e1r t\u00f6bb mint 40 lak\u00f3k\u00f6z\u00f6ss\u00e9g jelezte, szeretn\u00e9nek r\u00e9szt venni a fel\u00faj\u00edt\u00e1sban. A felt\u00e9telek azonban a kor\u00e1bbi \u00e9vekhez k\u00e9pest nehezedtek, ugyanis az \u00e1llami t\u00e1mogat\u00e1s id\u00e9n nem korl\u00e1tlan. \u00cdgy azok a t\u00e1rsash\u00e1zak vannak el\u0151ny\u00f6sebb helyzetben, melyek a komplett fel\u00faj\u00edt\u00e1st elv\u00e9geztetn\u00e9k. A legt\u00f6bb k\u00f6z\u00f6ss\u00e9gnek nincs k\u00f6nny\u0171 dolga, hiszen azon t\u00fal, hogy 80-90%-os egyet\u00e9rt\u00e9sre van sz\u00fcks\u00e9g a fel\u00faj\u00edt\u00e1shoz, m\u00e9g az \u00f6ner\u0151t is biztos\u00edtani kell. Ez viszont sok esetben hi\u00e1nyzik, ez\u00e9rt hitelt kell felvenni\u00fck, aminek t\u00f6rleszt\u0151r\u00e9szleteit a k\u00f6z\u00f6sk\u00f6lts\u00e9ggel egy\u00fctt fizetni kell. Id\u00e9n szeptember 30-ig lehet p\u00e1ly\u00e1zni a panelprogramra, ez\u00e9rt az \u00e9rdemi munka val\u00f3sz\u00edn\u0171leg csak az \u00e9v utols\u00f3 negyed\u00e9ben kezd\u0151dhet meg.<\/p>\n","protected":false},"excerpt":{"rendered":"<p>Nehezed\u0151 felt\u00e9telek a panelprogramban. A t\u00e1rsash\u00e1zaknak id\u00e9n k\u00f6r\u00fclm\u00e9nyesebb lesz p\u00e1ly\u00e1zni a panelprogramra, mint a kor\u00e1bbi \u00e9vekben. Ennek ellen\u00e9re most a legnagyobb az \u00e9rdel\u0151d\u00e9s. Eddig k\u00f6r\u00fclbel\u00fcl 50 \u00e9p\u00fclet k\u00f6z\u00f6ss\u00e9ge jelezte ig\u00e9ny\u00e9t a lak\u00e1sok moderniz\u00e1l\u00e1s\u00e1ra. 2008-ban Szolnokon az ig\u00e9nyek minden eddigin\u00e9l magasabbak a panelprogramra. B\u00e1r szeptember v\u00e9g\u00e9ig lehet leadni a p\u00e1ly\u00e1zatokat, m\u00e1r t\u00f6bb mint 40 lak\u00f3k\u00f6z\u00f6ss\u00e9g jelezte, [&hellip;]<\/p>\n","protected":false},"author":2,"featured_media":0,"comment_status":"open","ping_status":"open","sticky":false,"template":"","format":"standard","meta":[],"categories":[24],"tags":[],"_links":{"self":[{"href":"http:\/\/archiv.szolnoktv.hu\/index.php?rest_route=\/wp\/v2\/posts\/30945"}],"collection":[{"href":"http:\/\/archiv.szolnoktv.hu\/index.php?rest_route=\/wp\/v2\/posts"}],"about":[{"href":"http:\/\/archiv.szolnoktv.hu\/index.php?rest_route=\/wp\/v2\/types\/post"}],"author":[{"embeddable":true,"href":"http:\/\/archiv.szolnoktv.hu\/index.php?rest_route=\/wp\/v2\/users\/2"}],"replies":[{"embeddable":true,"href":"http:\/\/archiv.szolnoktv.hu\/index.php?rest_route=%2Fwp%2Fv2%2Fcomments&post=30945"}],"version-history":[{"count":1,"href":"http:\/\/archiv.szolnoktv.hu\/index.php?rest_route=\/wp\/v2\/posts\/30945\/revisions"}],"predecessor-version":[{"id":30968,"href":"http:\/\/archiv.szolnoktv.hu\/index.php?rest_route=\/wp\/v2\/posts\/30945\/revisions\/30968"}],"wp:attachment":[{"href":"http:\/\/archiv.szolnoktv.hu\/index.php?rest_route=%2Fwp%2Fv2%2Fmedia&parent=30945"}],"wp:term":[{"taxonomy":"category","embeddable":true,"href":"http:\/\/archiv.szolnoktv.hu\/index.php?rest_route=%2Fwp%2Fv2%2Fcategories&post=30945"},{"taxonomy":"post_tag","embeddable":true,"href":"http:\/\/archiv.szolnoktv.hu\/index.php?rest_route=%2Fwp%2Fv2%2Ftags&post=30945"}],"curies":[{"name":"wp","href":"https:\/\/api.w.org\/{rel}","templated":true}]}}