{"id":30939,"date":"2008-04-02T13:07:17","date_gmt":"2008-04-02T13:07:17","guid":{"rendered":"http:\/\/archiv.szolnoktv.hu\/?p=30939"},"modified":"2021-11-17T13:27:31","modified_gmt":"2021-11-17T13:27:31","slug":"szocialis-celu-arusitas","status":"publish","type":"post","link":"http:\/\/archiv.szolnoktv.hu\/?p=30939","title":{"rendered":"Szoci\u00e1lis c\u00e9l\u00fa \u00e1rus\u00edt\u00e1s"},"content":{"rendered":"<div class='booster-block booster-read-block'><\/div><p>Szoci\u00e1lis \u00e1rus\u00edt\u00e1st tartott ma d\u00e9lel\u0151tt a Magyar V\u00f6r\u00f6skereszt szolnoki szervezete. A M\u00e1ria utcai sz\u00e9kh\u00e1zban \u00f6nk\u00e9ntesek seg\u00edtett\u00e9k az adom\u00e1ny-ruh\u00e1t, -cip\u0151t, -\u00e1gynem\u0171t, -gyermekj\u00e1t\u00e9kot eladni.<br \/>\nAlig haszn\u00e1lt n\u0151i f\u00e9lcip\u0151 sz\u00e1z forint\u00e9rt, ugyanennyi\u00e9rt f\u00e9rfi f\u00fcrd\u0151k\u00f6peny, l\u00e1nykaszoknya is kaphat\u00f3. A szoci\u00e1lis \u00e1rus\u00edt\u00e1s h\u00edre mindennem\u0171 hirdet\u00e9ssorozat n\u00e9lk\u00fcl elterjedt, a kilenc \u00f3r\u00e1s nyit\u00e1s el\u0151tt j\u00f3n\u00e9h\u00e1ny cip\u0151 topogott a M\u00e1ria utcai iroda el\u0151tt. F\u00e9l t\u00edzre m\u00e1r \u00fajra fel kellett t\u00f6lteni a kicsiny helyis\u00e9get. Ahogy az egyik \u00f6nk\u00e9ntes fogalmazott: enn\u00e9l olcs\u00f3bb turk\u00e1l\u00f3t az eg\u00e9sz v\u00e1rosban nem tal\u00e1lni, m\u00e9gis voltak, akik sokallt\u00e1k a t\u00e9telenk\u00e9nti sz\u00e1z forintot. A szeg\u00e9nys\u00e9g azonban csak ruhat\u00e1rukat kezdte ki. \u00d6nbecs\u00fcl\u00e9sk\u00fcket, b\u00fcszkes\u00e9g\u00fcket nem- nem is j\u00e1rult hozz\u00e1 egyetlen v\u00e1s\u00e1rl\u00f3 sem ahhoz, hogy megmutassuk, amint v\u00e1logat a ruhahalmok k\u00f6z\u00f6tt. A V\u00f6r\u00f6skereszt legk\u00f6zelebb \u00e1prilis kilencedik\u00e9n, T\u00f3szegen tart szoci\u00e1lis c\u00e9l\u00fa \u00e1rus\u00edt\u00e1st, ott is adom\u00e1nyk\u00e9nt kapott ruh\u00e1kat, cip\u0151ket, j\u00e1t\u00e9kszereket adnak el.<\/p>\n","protected":false},"excerpt":{"rendered":"<p>Szoci\u00e1lis \u00e1rus\u00edt\u00e1st tartott ma d\u00e9lel\u0151tt a Magyar V\u00f6r\u00f6skereszt szolnoki szervezete. A M\u00e1ria utcai sz\u00e9kh\u00e1zban \u00f6nk\u00e9ntesek seg\u00edtett\u00e9k az adom\u00e1ny-ruh\u00e1t, -cip\u0151t, -\u00e1gynem\u0171t, -gyermekj\u00e1t\u00e9kot eladni. Alig haszn\u00e1lt n\u0151i f\u00e9lcip\u0151 sz\u00e1z forint\u00e9rt, ugyanennyi\u00e9rt f\u00e9rfi f\u00fcrd\u0151k\u00f6peny, l\u00e1nykaszoknya is kaphat\u00f3. A szoci\u00e1lis \u00e1rus\u00edt\u00e1s h\u00edre mindennem\u0171 hirdet\u00e9ssorozat n\u00e9lk\u00fcl elterjedt, a kilenc \u00f3r\u00e1s nyit\u00e1s el\u0151tt j\u00f3n\u00e9h\u00e1ny cip\u0151 topogott a M\u00e1ria utcai iroda el\u0151tt. [&hellip;]<\/p>\n","protected":false},"author":2,"featured_media":0,"comment_status":"open","ping_status":"open","sticky":false,"template":"","format":"standard","meta":[],"categories":[24],"tags":[],"_links":{"self":[{"href":"http:\/\/archiv.szolnoktv.hu\/index.php?rest_route=\/wp\/v2\/posts\/30939"}],"collection":[{"href":"http:\/\/archiv.szolnoktv.hu\/index.php?rest_route=\/wp\/v2\/posts"}],"about":[{"href":"http:\/\/archiv.szolnoktv.hu\/index.php?rest_route=\/wp\/v2\/types\/post"}],"author":[{"embeddable":true,"href":"http:\/\/archiv.szolnoktv.hu\/index.php?rest_route=\/wp\/v2\/users\/2"}],"replies":[{"embeddable":true,"href":"http:\/\/archiv.szolnoktv.hu\/index.php?rest_route=%2Fwp%2Fv2%2Fcomments&post=30939"}],"version-history":[{"count":1,"href":"http:\/\/archiv.szolnoktv.hu\/index.php?rest_route=\/wp\/v2\/posts\/30939\/revisions"}],"predecessor-version":[{"id":30974,"href":"http:\/\/archiv.szolnoktv.hu\/index.php?rest_route=\/wp\/v2\/posts\/30939\/revisions\/30974"}],"wp:attachment":[{"href":"http:\/\/archiv.szolnoktv.hu\/index.php?rest_route=%2Fwp%2Fv2%2Fmedia&parent=30939"}],"wp:term":[{"taxonomy":"category","embeddable":true,"href":"http:\/\/archiv.szolnoktv.hu\/index.php?rest_route=%2Fwp%2Fv2%2Fcategories&post=30939"},{"taxonomy":"post_tag","embeddable":true,"href":"http:\/\/archiv.szolnoktv.hu\/index.php?rest_route=%2Fwp%2Fv2%2Ftags&post=30939"}],"curies":[{"name":"wp","href":"https:\/\/api.w.org\/{rel}","templated":true}]}}