{"id":30938,"date":"2008-04-02T13:06:07","date_gmt":"2008-04-02T13:06:07","guid":{"rendered":"http:\/\/archiv.szolnoktv.hu\/?p=30938"},"modified":"2021-11-17T13:27:31","modified_gmt":"2021-11-17T13:27:31","slug":"pedagogiai-hetek-2","status":"publish","type":"post","link":"http:\/\/archiv.szolnoktv.hu\/?p=30938","title":{"rendered":"Pedag\u00f3giai hetek"},"content":{"rendered":"<div class='booster-block booster-read-block'><\/div><p>Aki tan\u00edt, az nem tehet m\u00e1st, maga is tanulni k\u00e9nyszer\u00fcl. Ezt a tanul\u00e1st, a szakmai egy\u00fcttgondolkod\u00e1st seg\u00edtik \u00e9vente a pedag\u00f3giai hetek, amelynek nyit\u00f3napja holnap lesz \u00e9s k\u00e9t h\u00e9ten \u00e1t tart.<br \/>\nA vez\u00e9rgondolat a verseng\u00e9s &#8211; egy\u00fcttm\u0171k\u00f6d\u00e9s &#8211; befogad\u00e1s h\u00e1rmas egys\u00e9ge. A szakemberek szerint mindh\u00e1rom fogalom  egyszerre van jelen a gyermekekben, nekik ez teh\u00e1t a mindennapok r\u00e9sze. A pedag\u00f3gusok most k\u00fcl\u00f6nf\u00e9le el\u0151ad\u00e1sok r\u00e9v\u00e9n azt vizsg\u00e1lj\u00e1k, siker\u00fcl-e megtal\u00e1lni az \u00f6sszhangot a verseny \u00e9s az egy\u00fcttm\u0171k\u00f6d\u00e9s k\u00f6z\u00f6tt. A vil\u00e1g ma a versenyr\u0151l sz\u00f3l, az \u00f6nmegval\u00f3s\u00edt\u00e1sr\u00f3l, a pedag\u00f3gia viszont &#8211; mindezeket nem csorb\u00edtva az egy\u00fctt munk\u00e1lkod\u00e1s fel\u00e9 igyekszik terelni a nebul\u00f3kat, azaz az \u00e9nt legal\u00e1bb k\u00f6zel\u00edtse meg a mi fogalma. Nos, a pedag\u00f3giai hetek tizenk\u00e9t napja alatt a megye tizenk\u00e9t v\u00e1ros\u00e1ban &#8211; Tiszaf\u00fcredt\u0151l Kunszentm\u00e1rtonig &#8211; hatvann\u00e1l is t\u00f6bb el\u0151ad\u00e1s hangzik majd el, ahol a vit\u00e1ban tal\u00e1n k\u00f6zelebb ker\u00fclnek egym\u00e1shoz a pedag\u00f3giai \u00e1ll\u00e1spontok. A f\u0151 t\u00e1mogat\u00f3 a megyei \u00f6nkorm\u00e1nyzat \u00e9s a megyei pedag\u00f3giai int\u00e9zet. Ebb\u0151l az alkalomb\u00f3l k\u00e9sz\u00fclt el m\u00e1r harmadszor az k\u00f6tetecske, amelyben a t\u00e9rs\u00e9gben \u00e9l\u0151 pedag\u00f3gusok tudom\u00e1nyos ig\u00e9ny\u0171 elm\u00e9leti munk\u00e1it gy\u0171jt\u00f6tt\u00e9k \u00f6ssze.<\/p>\n","protected":false},"excerpt":{"rendered":"<p>Aki tan\u00edt, az nem tehet m\u00e1st, maga is tanulni k\u00e9nyszer\u00fcl. Ezt a tanul\u00e1st, a szakmai egy\u00fcttgondolkod\u00e1st seg\u00edtik \u00e9vente a pedag\u00f3giai hetek, amelynek nyit\u00f3napja holnap lesz \u00e9s k\u00e9t h\u00e9ten \u00e1t tart. A vez\u00e9rgondolat a verseng\u00e9s &#8211; egy\u00fcttm\u0171k\u00f6d\u00e9s &#8211; befogad\u00e1s h\u00e1rmas egys\u00e9ge. A szakemberek szerint mindh\u00e1rom fogalom egyszerre van jelen a gyermekekben, nekik ez teh\u00e1t a mindennapok [&hellip;]<\/p>\n","protected":false},"author":2,"featured_media":0,"comment_status":"open","ping_status":"open","sticky":false,"template":"","format":"standard","meta":[],"categories":[24],"tags":[],"_links":{"self":[{"href":"http:\/\/archiv.szolnoktv.hu\/index.php?rest_route=\/wp\/v2\/posts\/30938"}],"collection":[{"href":"http:\/\/archiv.szolnoktv.hu\/index.php?rest_route=\/wp\/v2\/posts"}],"about":[{"href":"http:\/\/archiv.szolnoktv.hu\/index.php?rest_route=\/wp\/v2\/types\/post"}],"author":[{"embeddable":true,"href":"http:\/\/archiv.szolnoktv.hu\/index.php?rest_route=\/wp\/v2\/users\/2"}],"replies":[{"embeddable":true,"href":"http:\/\/archiv.szolnoktv.hu\/index.php?rest_route=%2Fwp%2Fv2%2Fcomments&post=30938"}],"version-history":[{"count":1,"href":"http:\/\/archiv.szolnoktv.hu\/index.php?rest_route=\/wp\/v2\/posts\/30938\/revisions"}],"predecessor-version":[{"id":30975,"href":"http:\/\/archiv.szolnoktv.hu\/index.php?rest_route=\/wp\/v2\/posts\/30938\/revisions\/30975"}],"wp:attachment":[{"href":"http:\/\/archiv.szolnoktv.hu\/index.php?rest_route=%2Fwp%2Fv2%2Fmedia&parent=30938"}],"wp:term":[{"taxonomy":"category","embeddable":true,"href":"http:\/\/archiv.szolnoktv.hu\/index.php?rest_route=%2Fwp%2Fv2%2Fcategories&post=30938"},{"taxonomy":"post_tag","embeddable":true,"href":"http:\/\/archiv.szolnoktv.hu\/index.php?rest_route=%2Fwp%2Fv2%2Ftags&post=30938"}],"curies":[{"name":"wp","href":"https:\/\/api.w.org\/{rel}","templated":true}]}}