{"id":30937,"date":"2008-04-02T13:05:43","date_gmt":"2008-04-02T13:05:43","guid":{"rendered":"http:\/\/archiv.szolnoktv.hu\/?p=30937"},"modified":"2021-11-17T13:27:31","modified_gmt":"2021-11-17T13:27:31","slug":"utnyitas","status":"publish","type":"post","link":"http:\/\/archiv.szolnoktv.hu\/?p=30937","title":{"rendered":"\u00datnyit\u00e1s"},"content":{"rendered":"<div class='booster-block booster-read-block'><\/div><p>N\u00e9h\u00e1ny \u00f3r\u00e1ra megny\u00edlt az \u00fat a Verseghy Gimn\u00e1zium el\u0151tt. Az \u00fatz\u00e1rk\u00e9nt szolg\u00e1l\u00f3 vir\u00e1gl\u00e1d\u00e1knak egy aut\u00f3s nekiment, a r\u00e9st a pajzson kora d\u00e9lel\u0151ttre m\u00e1r meg is sz\u00fcntett\u00e9k.<br \/>\nNem okozott osztatlan \u00f6r\u00f6m\u00f6t a Verseghy Gimn\u00e1zium el\u0151tt ki\u00e9p\u00edtett torlasz. A m\u00e1rcius k\u00f6zepe \u00f3ta a S\u00f3h\u00e1z utc\u00e1t zs\u00e1kutc\u00e1v\u00e1 v\u00e1ltoztat\u00f3 vir\u00e1gtart\u00f3k kisebbfajta polg\u00e1ri engedetlens\u00e9gi mozgalmat induk\u00e1lt. Izmos sof\u0151r\u00f6k egyszer\u0171en az \u00fat menti s\u00f3der\u00e1gyra rakt\u00e1k a l\u00e1d\u00e1kat, im\u00edgyen szabad\u00edtva fel az utat. Erre m\u00e9g k\u00f6nnyed\u00e9n tal\u00e1ltatott ellenszer: \u00fcgyes kezek p\u00e1ros\u00e1val \u00f6sszek\u00f6t\u00f6zt\u00e9k a tart\u00f3kat. Nem is lehetett elmozd\u00edtani m\u00e1r azokat, eg\u00e9szen ma \u00e9jszak\u00e1ig. Egy aut\u00f3s ugyanis feloldotta az \u00fatz\u00e1rat- val\u00f3sz\u00edn\u0171leg nem j\u00f3sz\u00e1nt\u00e1b\u00f3l. A ki\u00fct\u00f6tt vir\u00e1gtart\u00f3k h\u00edre roppant gyorsan elterjedt a belv\u00e1rosban, j\u00f3n\u00e9h\u00e1ny aut\u00f3s ki is haszn\u00e1lta a surran\u00f3p\u00e1ly\u00e1t. Kilenc \u00f3ra ut\u00e1n is sokan kanyarodtak arra, m\u00e1r hi\u00e1ba. Ugyanis \u00fcgyes kezek vissza\u00e1ll\u00edtott\u00e1k az eredeti \u00e1llapotot, a l\u00e1d\u00e1kat. \u00dajra zs\u00e1kutca a zs\u00e1kutca. A Tisza Sz\u00e1ll\u00f3 el\u0151tt pedig egy \u00f6reg k\u00e9k aut\u00f3 b\u00faslakodott: motorh\u00e1ztet\u0151j\u00e9n vir\u00e1gf\u00f6ld, bal els\u0151 indexl\u00e1mp\u00e1ja kit\u00f6rve, az eleje \u00f6sszeroncsolva. Ennek a kamik\u00e1z\u00e9nak k\u00f6sz\u00f6nhet\u0151 a r\u00f6vid \u00fatnyit\u00e1s, a Volkswagen fel\u00e1ldozta mag\u00e1t az\u00e9rt, hogy n\u00e9h\u00e1ny t\u00e1rsa \u00e1tjuthasson a Maginot- vonal- szer\u0171 v\u00e9delmi rendszeren.<\/p>\n","protected":false},"excerpt":{"rendered":"<p>N\u00e9h\u00e1ny \u00f3r\u00e1ra megny\u00edlt az \u00fat a Verseghy Gimn\u00e1zium el\u0151tt. Az \u00fatz\u00e1rk\u00e9nt szolg\u00e1l\u00f3 vir\u00e1gl\u00e1d\u00e1knak egy aut\u00f3s nekiment, a r\u00e9st a pajzson kora d\u00e9lel\u0151ttre m\u00e1r meg is sz\u00fcntett\u00e9k. Nem okozott osztatlan \u00f6r\u00f6m\u00f6t a Verseghy Gimn\u00e1zium el\u0151tt ki\u00e9p\u00edtett torlasz. A m\u00e1rcius k\u00f6zepe \u00f3ta a S\u00f3h\u00e1z utc\u00e1t zs\u00e1kutc\u00e1v\u00e1 v\u00e1ltoztat\u00f3 vir\u00e1gtart\u00f3k kisebbfajta polg\u00e1ri engedetlens\u00e9gi mozgalmat induk\u00e1lt. Izmos sof\u0151r\u00f6k egyszer\u0171en az [&hellip;]<\/p>\n","protected":false},"author":2,"featured_media":0,"comment_status":"open","ping_status":"open","sticky":false,"template":"","format":"standard","meta":[],"categories":[24],"tags":[],"_links":{"self":[{"href":"http:\/\/archiv.szolnoktv.hu\/index.php?rest_route=\/wp\/v2\/posts\/30937"}],"collection":[{"href":"http:\/\/archiv.szolnoktv.hu\/index.php?rest_route=\/wp\/v2\/posts"}],"about":[{"href":"http:\/\/archiv.szolnoktv.hu\/index.php?rest_route=\/wp\/v2\/types\/post"}],"author":[{"embeddable":true,"href":"http:\/\/archiv.szolnoktv.hu\/index.php?rest_route=\/wp\/v2\/users\/2"}],"replies":[{"embeddable":true,"href":"http:\/\/archiv.szolnoktv.hu\/index.php?rest_route=%2Fwp%2Fv2%2Fcomments&post=30937"}],"version-history":[{"count":1,"href":"http:\/\/archiv.szolnoktv.hu\/index.php?rest_route=\/wp\/v2\/posts\/30937\/revisions"}],"predecessor-version":[{"id":30976,"href":"http:\/\/archiv.szolnoktv.hu\/index.php?rest_route=\/wp\/v2\/posts\/30937\/revisions\/30976"}],"wp:attachment":[{"href":"http:\/\/archiv.szolnoktv.hu\/index.php?rest_route=%2Fwp%2Fv2%2Fmedia&parent=30937"}],"wp:term":[{"taxonomy":"category","embeddable":true,"href":"http:\/\/archiv.szolnoktv.hu\/index.php?rest_route=%2Fwp%2Fv2%2Fcategories&post=30937"},{"taxonomy":"post_tag","embeddable":true,"href":"http:\/\/archiv.szolnoktv.hu\/index.php?rest_route=%2Fwp%2Fv2%2Ftags&post=30937"}],"curies":[{"name":"wp","href":"https:\/\/api.w.org\/{rel}","templated":true}]}}