{"id":30932,"date":"2008-04-01T19:40:44","date_gmt":"2008-04-01T19:40:44","guid":{"rendered":"http:\/\/archiv.szolnoktv.hu\/?p=30932"},"modified":"2021-11-17T13:27:31","modified_gmt":"2021-11-17T13:27:31","slug":"illegalis-szemetlerakok","status":"publish","type":"post","link":"http:\/\/archiv.szolnoktv.hu\/?p=30932","title":{"rendered":"Illeg\u00e1lis szem\u00e9tlerak\u00f3k"},"content":{"rendered":"<div class='booster-block booster-read-block'><\/div><p>Vegyszeres flakonok, t\u00f6r\u00f6tt \u00fcveg, t\u00f6bb v\u00f6d\u00f6rnyi kutya\u00fcr\u00fcl\u00e9k Szandasz\u0151l\u0151s hat\u00e1r\u00e1ban, m\u0171anyag padl\u00f3, telefonk\u00f6nyv \u00e9s papucs a T\u00f3szegi \u00faton, \u00e9p\u00edt\u00e9si t\u00f6rmel\u00e9k, aut\u00f3gumi \u00e9s ruhahalom a Kaz\u00e1n utc\u00e1ban. Ez csak n\u00e9h\u00e1ny p\u00e9lda a szolnoki illeg\u00e1lis szem\u00e9tlerak\u00f3 helyekb\u0151l. Nemcsak a szemet, az orrot is b\u00e1ntja. A k\u00f6rny\u00e9ken lak\u00f3k szenvednek a b\u0171zt\u0151l \u00e9s a patk\u00e1nyokt\u00f3l. A Retek utca lak\u00f3i n\u00e9h\u00e1ny \u00e9ve \u00edrtak az \u00f6nkorm\u00e1nyzatnak, hogy sz\u00fcntess\u00e9k meg az utca elej\u00e9n l\u00e9v\u0151 szem\u00e9tlerak\u00f3t, de anyagi okokra hivatkozva az\u00f3ta sem nem kaptak seg\u00edts\u00e9get. A v\u00e1ros k\u00f6lts\u00e9gvet\u00e9s\u00e9b\u0151l 15 milli\u00f3 forint jut \u00e9vente a szem\u00e9teltakar\u00edt\u00e1sra, ami nem elegend\u0151 ahhoz, hogy az illeg\u00e1lis lerak\u00f3kat megsz\u00fcntess\u00e9k. Ahol a hullad\u00e9k mag\u00e1nter\u00fcleten van, ott t\u00f6bb es\u00e9ly van erre, hiszen a telek tulajdonos\u00e1t felsz\u00f3l\u00edthatj\u00e1k arra, hogy a szemet\u00e9t 15 napon bel\u00fcl t\u00e1vol\u00edtsa el, ellenkez\u0151 esetben b\u00edrs\u00e1got kell fizetnie. Az \u00f6nkorm\u00e1nyzat &#8211; amennyire lehet\u0151s\u00e9ge van &#8211; minden \u00e9vben takar\u00edttat a telepeken, de amint megcsin\u00e1lnak egy-egy ter\u00fcletet, r\u00f6vid id\u0151n bel\u00fcl ism\u00e9t ellepi a szem\u00e9t. Vannak az\u00e9rt sikeres k\u00eds\u00e9rletek is a szem\u00e9ttelepek megsz\u00fcntet\u00e9s\u00e9re. A v\u00e1ros nemr\u00e9g p\u00e1ly\u00e1zott a Bogl\u00e1rka \u00fati illeg\u00e1lis szem\u00e9tlerak\u00f3 felsz\u00e1mol\u00e1s\u00e1ra. Ha nyernek, a rendelkez\u00e9sre \u00e1ll\u00f3 t\u00f6bb mint hat milli\u00f3 forint ugyan a szem\u00e9tdomb r\u00e9szleges felsz\u00e1mol\u00e1s\u00e1ra lesz csak el\u00e9g, de a t\u00f6bbihez viszony\u00edtva m\u00e1r ez is eredm\u00e9ny.<\/p>\n","protected":false},"excerpt":{"rendered":"<p>Vegyszeres flakonok, t\u00f6r\u00f6tt \u00fcveg, t\u00f6bb v\u00f6d\u00f6rnyi kutya\u00fcr\u00fcl\u00e9k Szandasz\u0151l\u0151s hat\u00e1r\u00e1ban, m\u0171anyag padl\u00f3, telefonk\u00f6nyv \u00e9s papucs a T\u00f3szegi \u00faton, \u00e9p\u00edt\u00e9si t\u00f6rmel\u00e9k, aut\u00f3gumi \u00e9s ruhahalom a Kaz\u00e1n utc\u00e1ban. Ez csak n\u00e9h\u00e1ny p\u00e9lda a szolnoki illeg\u00e1lis szem\u00e9tlerak\u00f3 helyekb\u0151l. Nemcsak a szemet, az orrot is b\u00e1ntja. A k\u00f6rny\u00e9ken lak\u00f3k szenvednek a b\u0171zt\u0151l \u00e9s a patk\u00e1nyokt\u00f3l. A Retek utca lak\u00f3i n\u00e9h\u00e1ny [&hellip;]<\/p>\n","protected":false},"author":2,"featured_media":0,"comment_status":"open","ping_status":"open","sticky":false,"template":"","format":"standard","meta":[],"categories":[24],"tags":[],"_links":{"self":[{"href":"http:\/\/archiv.szolnoktv.hu\/index.php?rest_route=\/wp\/v2\/posts\/30932"}],"collection":[{"href":"http:\/\/archiv.szolnoktv.hu\/index.php?rest_route=\/wp\/v2\/posts"}],"about":[{"href":"http:\/\/archiv.szolnoktv.hu\/index.php?rest_route=\/wp\/v2\/types\/post"}],"author":[{"embeddable":true,"href":"http:\/\/archiv.szolnoktv.hu\/index.php?rest_route=\/wp\/v2\/users\/2"}],"replies":[{"embeddable":true,"href":"http:\/\/archiv.szolnoktv.hu\/index.php?rest_route=%2Fwp%2Fv2%2Fcomments&post=30932"}],"version-history":[{"count":1,"href":"http:\/\/archiv.szolnoktv.hu\/index.php?rest_route=\/wp\/v2\/posts\/30932\/revisions"}],"predecessor-version":[{"id":30981,"href":"http:\/\/archiv.szolnoktv.hu\/index.php?rest_route=\/wp\/v2\/posts\/30932\/revisions\/30981"}],"wp:attachment":[{"href":"http:\/\/archiv.szolnoktv.hu\/index.php?rest_route=%2Fwp%2Fv2%2Fmedia&parent=30932"}],"wp:term":[{"taxonomy":"category","embeddable":true,"href":"http:\/\/archiv.szolnoktv.hu\/index.php?rest_route=%2Fwp%2Fv2%2Fcategories&post=30932"},{"taxonomy":"post_tag","embeddable":true,"href":"http:\/\/archiv.szolnoktv.hu\/index.php?rest_route=%2Fwp%2Fv2%2Ftags&post=30932"}],"curies":[{"name":"wp","href":"https:\/\/api.w.org\/{rel}","templated":true}]}}