{"id":30931,"date":"2008-04-01T19:40:22","date_gmt":"2008-04-01T19:40:22","guid":{"rendered":"http:\/\/archiv.szolnoktv.hu\/?p=30931"},"modified":"2021-11-17T13:27:31","modified_gmt":"2021-11-17T13:27:31","slug":"idosugyi-tanacs-3","status":"publish","type":"post","link":"http:\/\/archiv.szolnoktv.hu\/?p=30931","title":{"rendered":"Id\u0151s\u00fcgyi tan\u00e1cs"},"content":{"rendered":"<div class='booster-block booster-read-block'><\/div><p>El\u0151t\u00e9rben a nyugd\u00edjas klubok. Utaz\u00e1sra, szakmai oktat\u00e1sra, eg\u00e9szs\u00e9g\u00fcgyi programokra sz\u00e1m\u00edthatnak id\u00e9n Szolnok id\u0151sebb lakosai. Az id\u0151s\u00fcgyi f\u00f3rum mai \u00fcl\u00e9s\u00e9n a 2008-as munkatervet vitatt\u00e1k meg.<br \/>\nSzolnokon m\u00e1r m\u00e1r hagyom\u00e1ny, hogy ingyenes sz\u0171r\u0151vizsg\u00e1latokon vehetnek r\u00e9szt a lakosok. Ezeket a programokat minden \u00e9vben egyre t\u00f6bben keresik fel, els\u0151sorban a nyugd\u00edjasok. Az id\u0151s\u00fcgyi tan\u00e1cs mai \u00fcl\u00e9s\u00e9n ismertett\u00e9k \u00e9s egyhang\u00falag elfogadt\u00e1k az idei munkatervet. Az elm\u00falt \u00e9vhez hasonl\u00f3an id\u00e9n is 3 milli\u00f3 forintot k\u00fcl\u00f6n\u00edtett el a v\u00e1ros a tan\u00e1cs \u00e1ltal t\u00e1mogatott programokra. A nyugd\u00edjasklubok betegs\u00e9gmegel\u0151z\u00e9si, eg\u00e9szs\u00e9g-meg\u0151rz\u00e9si sz\u0171r\u0151vizsg\u00e1latokra, szakmai k\u00e9pz\u00e9sekre, valamint szabadid\u0151s programokra is p\u00e1ly\u00e1zhatnak.<\/p>\n","protected":false},"excerpt":{"rendered":"<p>El\u0151t\u00e9rben a nyugd\u00edjas klubok. Utaz\u00e1sra, szakmai oktat\u00e1sra, eg\u00e9szs\u00e9g\u00fcgyi programokra sz\u00e1m\u00edthatnak id\u00e9n Szolnok id\u0151sebb lakosai. Az id\u0151s\u00fcgyi f\u00f3rum mai \u00fcl\u00e9s\u00e9n a 2008-as munkatervet vitatt\u00e1k meg. Szolnokon m\u00e1r m\u00e1r hagyom\u00e1ny, hogy ingyenes sz\u0171r\u0151vizsg\u00e1latokon vehetnek r\u00e9szt a lakosok. Ezeket a programokat minden \u00e9vben egyre t\u00f6bben keresik fel, els\u0151sorban a nyugd\u00edjasok. Az id\u0151s\u00fcgyi tan\u00e1cs mai \u00fcl\u00e9s\u00e9n ismertett\u00e9k \u00e9s egyhang\u00falag [&hellip;]<\/p>\n","protected":false},"author":2,"featured_media":0,"comment_status":"open","ping_status":"open","sticky":false,"template":"","format":"standard","meta":[],"categories":[24],"tags":[],"_links":{"self":[{"href":"http:\/\/archiv.szolnoktv.hu\/index.php?rest_route=\/wp\/v2\/posts\/30931"}],"collection":[{"href":"http:\/\/archiv.szolnoktv.hu\/index.php?rest_route=\/wp\/v2\/posts"}],"about":[{"href":"http:\/\/archiv.szolnoktv.hu\/index.php?rest_route=\/wp\/v2\/types\/post"}],"author":[{"embeddable":true,"href":"http:\/\/archiv.szolnoktv.hu\/index.php?rest_route=\/wp\/v2\/users\/2"}],"replies":[{"embeddable":true,"href":"http:\/\/archiv.szolnoktv.hu\/index.php?rest_route=%2Fwp%2Fv2%2Fcomments&post=30931"}],"version-history":[{"count":1,"href":"http:\/\/archiv.szolnoktv.hu\/index.php?rest_route=\/wp\/v2\/posts\/30931\/revisions"}],"predecessor-version":[{"id":30982,"href":"http:\/\/archiv.szolnoktv.hu\/index.php?rest_route=\/wp\/v2\/posts\/30931\/revisions\/30982"}],"wp:attachment":[{"href":"http:\/\/archiv.szolnoktv.hu\/index.php?rest_route=%2Fwp%2Fv2%2Fmedia&parent=30931"}],"wp:term":[{"taxonomy":"category","embeddable":true,"href":"http:\/\/archiv.szolnoktv.hu\/index.php?rest_route=%2Fwp%2Fv2%2Fcategories&post=30931"},{"taxonomy":"post_tag","embeddable":true,"href":"http:\/\/archiv.szolnoktv.hu\/index.php?rest_route=%2Fwp%2Fv2%2Ftags&post=30931"}],"curies":[{"name":"wp","href":"https:\/\/api.w.org\/{rel}","templated":true}]}}