{"id":30930,"date":"2008-04-01T19:39:54","date_gmt":"2008-04-01T19:39:54","guid":{"rendered":"http:\/\/archiv.szolnoktv.hu\/?p=30930"},"modified":"2021-11-17T13:27:31","modified_gmt":"2021-11-17T13:27:31","slug":"hullo-vakolat","status":"publish","type":"post","link":"http:\/\/archiv.szolnoktv.hu\/?p=30930","title":{"rendered":"Hull\u00f3 vakolat"},"content":{"rendered":"<div class='booster-block booster-read-block'><\/div><p>Egy t\u00e1rsash\u00e1z udvar\u00e1ba hullik egy nemr\u00e9g rendbehozott T\u00e1ncsics utcai h\u00e1z oldalfala. A lak\u00f3k h\u00e1borognak, a h\u00e1zat kezel\u0151 SZOLLAK Kft. P\u00e9nzhi\u00e1nyra hivatkozik.<br \/>\nK\u00edv\u00fcl sz\u00e9p, oldalt omlik a T\u00e1ncsics utca 6 sz\u00e1m alatti h\u00e1z vakolata. A lehull\u00f3 t\u00f6rmel\u00e9k az egyik Kossuth t\u00e9ri t\u00e1rsash\u00e1z udvar\u00e1ra esik a lak\u00f3k \u00e9letvesz\u00e9lyesnek tartj\u00e1k a falat, amelyb\u0151l m\u00e1r a t\u00e9gl\u00e1k is kezdenek kiesni. A vesz\u00e9lyess\u00e9gen t\u00fal az ingatlan \u00e9rt\u00e9ke is cs\u00f6kkent. A lak\u00f3k azt \u00e1ll\u00edtj\u00e1k, emiatt nem tudj\u00e1k kiadni vagy eladni lak\u00e1sukat. A hull\u00f3 vakolat\u00fa h\u00e1z \u00f6nkorm\u00e1nyzati tulajdonban van, az \u00e9p\u00fclet kezel\u0151je a Szollak Kft. Megkeres\u00e9s\u00fcnkre a c\u00e9g k\u00e9pvisel\u0151je elmondta: a T\u00e1ncsics Mih\u00e1ly utcai h\u00e1z fel\u00faj\u00edt\u00e1sakor val\u00f3ban csak az utca fel\u0151li r\u00e9szt tudt\u00e1k megcsin\u00e1lni, mert arra volt p\u00e9nz, az oldalfalakra azonban m\u00e1r nem. \u00cdg\u00e9retet tettek a lak\u00f3knak, hogy amint lesz r\u00e1 keret, be fogj\u00e1k vakolni a falat, \u00e1m t\u00f6bb ingatlan van enn\u00e9l sokkal rosszabb \u00e1llapotban, \u00edgy el\u0151sz\u00f6r azokra ford\u00edtanak figyelmet \u00e9s p\u00e9nzt.<\/p>\n","protected":false},"excerpt":{"rendered":"<p>Egy t\u00e1rsash\u00e1z udvar\u00e1ba hullik egy nemr\u00e9g rendbehozott T\u00e1ncsics utcai h\u00e1z oldalfala. A lak\u00f3k h\u00e1borognak, a h\u00e1zat kezel\u0151 SZOLLAK Kft. P\u00e9nzhi\u00e1nyra hivatkozik. K\u00edv\u00fcl sz\u00e9p, oldalt omlik a T\u00e1ncsics utca 6 sz\u00e1m alatti h\u00e1z vakolata. A lehull\u00f3 t\u00f6rmel\u00e9k az egyik Kossuth t\u00e9ri t\u00e1rsash\u00e1z udvar\u00e1ra esik a lak\u00f3k \u00e9letvesz\u00e9lyesnek tartj\u00e1k a falat, amelyb\u0151l m\u00e1r a t\u00e9gl\u00e1k is kezdenek [&hellip;]<\/p>\n","protected":false},"author":2,"featured_media":0,"comment_status":"open","ping_status":"open","sticky":false,"template":"","format":"standard","meta":[],"categories":[24],"tags":[],"_links":{"self":[{"href":"http:\/\/archiv.szolnoktv.hu\/index.php?rest_route=\/wp\/v2\/posts\/30930"}],"collection":[{"href":"http:\/\/archiv.szolnoktv.hu\/index.php?rest_route=\/wp\/v2\/posts"}],"about":[{"href":"http:\/\/archiv.szolnoktv.hu\/index.php?rest_route=\/wp\/v2\/types\/post"}],"author":[{"embeddable":true,"href":"http:\/\/archiv.szolnoktv.hu\/index.php?rest_route=\/wp\/v2\/users\/2"}],"replies":[{"embeddable":true,"href":"http:\/\/archiv.szolnoktv.hu\/index.php?rest_route=%2Fwp%2Fv2%2Fcomments&post=30930"}],"version-history":[{"count":1,"href":"http:\/\/archiv.szolnoktv.hu\/index.php?rest_route=\/wp\/v2\/posts\/30930\/revisions"}],"predecessor-version":[{"id":30983,"href":"http:\/\/archiv.szolnoktv.hu\/index.php?rest_route=\/wp\/v2\/posts\/30930\/revisions\/30983"}],"wp:attachment":[{"href":"http:\/\/archiv.szolnoktv.hu\/index.php?rest_route=%2Fwp%2Fv2%2Fmedia&parent=30930"}],"wp:term":[{"taxonomy":"category","embeddable":true,"href":"http:\/\/archiv.szolnoktv.hu\/index.php?rest_route=%2Fwp%2Fv2%2Fcategories&post=30930"},{"taxonomy":"post_tag","embeddable":true,"href":"http:\/\/archiv.szolnoktv.hu\/index.php?rest_route=%2Fwp%2Fv2%2Ftags&post=30930"}],"curies":[{"name":"wp","href":"https:\/\/api.w.org\/{rel}","templated":true}]}}