{"id":30929,"date":"2008-04-01T19:38:50","date_gmt":"2008-04-01T19:38:50","guid":{"rendered":"http:\/\/archiv.szolnoktv.hu\/?p=30929"},"modified":"2021-11-17T13:27:32","modified_gmt":"2021-11-17T13:27:32","slug":"harangozas-iv-karolyert","status":"publish","type":"post","link":"http:\/\/archiv.szolnoktv.hu\/?p=30929","title":{"rendered":"Harangoz\u00e1s IV. K\u00e1roly\u00e9rt"},"content":{"rendered":"<div class='booster-block booster-read-block'><\/div><p>Ferenc J\u00f3zsef hal\u00e1la ut\u00e1n, 1916 november\u00e9ben foglalta el az Osztr\u00e1k- Magyar Monarchia tr\u00f3nj\u00e1t, december harmincadik\u00e1n koron\u00e1zt\u00e1k Magyarorsz\u00e1g apostoli kir\u00e1ly\u00e1v\u00e1. A Habsburg- csal\u00e1d elv\u00e1r\u00e1sainak megfelel\u0151en katolikus neveltet\u00e9sben r\u00e9szes\u00fclt, uralkod\u00e1sa kezdet\u00e9n jav\u00e1ban zajlott az els\u0151 vil\u00e1g\u00e9g\u00e9s. 1918 november\u00e9ben el\u0151sz\u00f6r az osztr\u00e1k, majd a magyar \u00fcgyekben val\u00f3 mindennem\u0171 r\u00e9szv\u00e9tel\u00e9r\u0151l lemondott. B\u00e1r a vil\u00e1gh\u00e1bor\u00fa befejezt\u00e9vel a v\u00e1ltoz\u00e1sok v\u00e9ront\u00e1s n\u00e9lk\u00fcli v\u00e9grehajt\u00e1s\u00e1t seg\u00edtette, m\u00e9gis el\u0171zt\u00e9k haz\u00e1j\u00e1b\u00f3l, Sv\u00e1jba k\u00f6lt\u00f6z\u00f6tt. K\u00e9tszer k\u00eds\u00e9relte meg tr\u00f3nj\u00e1t visszaszerezni, \u00e1m mindk\u00e9t pr\u00f3b\u00e1lkoz\u00e1sa sikertelen maradt, 1921- es , utols\u00f3 tr\u00f3nvisszaszerz\u00e9si k\u00eds\u00e9rlete sor\u00e1n kisebb fegyveres hatcok is zajlottak Buda\u00f6rs k\u00f6rny\u00e9k\u00e9n. Magyarorsz\u00e1g nem k\u00e9rt a Habsburg restaur\u00e1ci\u00f3b\u00f3l. K\u00e1roly \u0151rizetbe vett\u00e9k, majd az antanthatalmak k\u00edv\u00e1nalmainak megfelel\u0151en Portug\u00e1li\u00e1ba, Madeira sziget\u00e9re sz\u00e1m\u0171zt\u00e9k. Itt is halt meg 1922 \u00e1prilis elsej\u00e9n. A Magyar Kir\u00e1lyi Honv\u00e9d Hagyom\u00e1ny\u0151rz\u0151 Alap\u00edtv\u00e1ny \u00e1polja az utols\u00f3 magyar kir\u00e1yl eml\u00e9k\u00e9t: boldogg\u00e1 avat\u00e1s\u00e1ban is k\u00f6zrem\u0171k\u00f6d\u00f6tt a civil szervezet, mint ahogy hal\u00e1l\u00e1r\u00f3l is megeml\u00e9kezik. Az alap\u00edtv\u00e1ny munkat\u00e1rs\u00e1nak k\u00e9r\u00e9s\u00e9re a g\u00f6r\u00f6k- katolikus templomban ma 12 \u00f3ra 23 perckor- IV. K\u00e1roly hal\u00e1l\u00e1nak id\u0151pontj\u00e1ban- harangoztak, a d\u00e9li harangsz\u00f3 ut\u00e1n majd f\u00e9l \u00f3r\u00e1val az utols\u00f3 magyar kir\u00e1ly eml\u00e9k\u00e9re.<\/p>\n","protected":false},"excerpt":{"rendered":"<p>Ferenc J\u00f3zsef hal\u00e1la ut\u00e1n, 1916 november\u00e9ben foglalta el az Osztr\u00e1k- Magyar Monarchia tr\u00f3nj\u00e1t, december harmincadik\u00e1n koron\u00e1zt\u00e1k Magyarorsz\u00e1g apostoli kir\u00e1ly\u00e1v\u00e1. A Habsburg- csal\u00e1d elv\u00e1r\u00e1sainak megfelel\u0151en katolikus neveltet\u00e9sben r\u00e9szes\u00fclt, uralkod\u00e1sa kezdet\u00e9n jav\u00e1ban zajlott az els\u0151 vil\u00e1g\u00e9g\u00e9s. 1918 november\u00e9ben el\u0151sz\u00f6r az osztr\u00e1k, majd a magyar \u00fcgyekben val\u00f3 mindennem\u0171 r\u00e9szv\u00e9tel\u00e9r\u0151l lemondott. B\u00e1r a vil\u00e1gh\u00e1bor\u00fa befejezt\u00e9vel a v\u00e1ltoz\u00e1sok v\u00e9ront\u00e1s n\u00e9lk\u00fcli [&hellip;]<\/p>\n","protected":false},"author":2,"featured_media":0,"comment_status":"open","ping_status":"open","sticky":false,"template":"","format":"standard","meta":[],"categories":[24],"tags":[],"_links":{"self":[{"href":"http:\/\/archiv.szolnoktv.hu\/index.php?rest_route=\/wp\/v2\/posts\/30929"}],"collection":[{"href":"http:\/\/archiv.szolnoktv.hu\/index.php?rest_route=\/wp\/v2\/posts"}],"about":[{"href":"http:\/\/archiv.szolnoktv.hu\/index.php?rest_route=\/wp\/v2\/types\/post"}],"author":[{"embeddable":true,"href":"http:\/\/archiv.szolnoktv.hu\/index.php?rest_route=\/wp\/v2\/users\/2"}],"replies":[{"embeddable":true,"href":"http:\/\/archiv.szolnoktv.hu\/index.php?rest_route=%2Fwp%2Fv2%2Fcomments&post=30929"}],"version-history":[{"count":1,"href":"http:\/\/archiv.szolnoktv.hu\/index.php?rest_route=\/wp\/v2\/posts\/30929\/revisions"}],"predecessor-version":[{"id":30984,"href":"http:\/\/archiv.szolnoktv.hu\/index.php?rest_route=\/wp\/v2\/posts\/30929\/revisions\/30984"}],"wp:attachment":[{"href":"http:\/\/archiv.szolnoktv.hu\/index.php?rest_route=%2Fwp%2Fv2%2Fmedia&parent=30929"}],"wp:term":[{"taxonomy":"category","embeddable":true,"href":"http:\/\/archiv.szolnoktv.hu\/index.php?rest_route=%2Fwp%2Fv2%2Fcategories&post=30929"},{"taxonomy":"post_tag","embeddable":true,"href":"http:\/\/archiv.szolnoktv.hu\/index.php?rest_route=%2Fwp%2Fv2%2Ftags&post=30929"}],"curies":[{"name":"wp","href":"https:\/\/api.w.org\/{rel}","templated":true}]}}