{"id":30928,"date":"2008-03-31T19:42:21","date_gmt":"2008-03-31T19:42:21","guid":{"rendered":"http:\/\/archiv.szolnoktv.hu\/?p=30928"},"modified":"2021-11-17T13:27:32","modified_gmt":"2021-11-17T13:27:32","slug":"hetedhet-orszag-a-cifra-palotaban","status":"publish","type":"post","link":"http:\/\/archiv.szolnoktv.hu\/?p=30928","title":{"rendered":"Hetedh\u00e9t orsz\u00e1g a Cifra Palot\u00e1ban"},"content":{"rendered":"<div class='booster-block booster-read-block'><\/div><p>Az elm\u00falt vas\u00e1rnapon Szolnok mutatkozott be a M\u0171v\u00e9szetek Palot\u00e1j\u00e1ban<br \/>\nK\u00e9zm\u0171ves foglalkoz\u00e1sok, j\u00e1tsz\u00f3h\u00e1z, ig\u00e9nyes sz\u00ednpadi produkci\u00f3 &#8211; mindez egy\u00fctt  utazott a f\u0151v\u00e1rosba, a M\u0171v\u00e9szetek Palot\u00e1j\u00e1ba.Hagyom\u00e1ny szerint minden h\u00f3nap utols\u00f3 var\u00e1snapj\u00e1n bemutatkozhat egy vid\u00e9ki v\u00e1ros. Szolnokot egyebek k\u00f6z\u00f6tt a Bart\u00f3k B\u00e9la zeneiskola, a Szandasz\u0151l\u0151si \u00c1ltal\u00e1nos Iskola, a Szigligeti Sz\u00ednh\u00e1z \u00e9s a Szeress kisegy\u00fcttes k\u00e9pviselte. Vel\u00fck egy\u00fctt \u00f6sszesen 160 el\u0151ad\u00f3 vitte a j\u00e1szkun megyesz\u00e9khely h\u00edr\u00e9t Budapestre.<\/p>\n","protected":false},"excerpt":{"rendered":"<p>Az elm\u00falt vas\u00e1rnapon Szolnok mutatkozott be a M\u0171v\u00e9szetek Palot\u00e1j\u00e1ban K\u00e9zm\u0171ves foglalkoz\u00e1sok, j\u00e1tsz\u00f3h\u00e1z, ig\u00e9nyes sz\u00ednpadi produkci\u00f3 &#8211; mindez egy\u00fctt utazott a f\u0151v\u00e1rosba, a M\u0171v\u00e9szetek Palot\u00e1j\u00e1ba.Hagyom\u00e1ny szerint minden h\u00f3nap utols\u00f3 var\u00e1snapj\u00e1n bemutatkozhat egy vid\u00e9ki v\u00e1ros. Szolnokot egyebek k\u00f6z\u00f6tt a Bart\u00f3k B\u00e9la zeneiskola, a Szandasz\u0151l\u0151si \u00c1ltal\u00e1nos Iskola, a Szigligeti Sz\u00ednh\u00e1z \u00e9s a Szeress kisegy\u00fcttes k\u00e9pviselte. Vel\u00fck egy\u00fctt \u00f6sszesen [&hellip;]<\/p>\n","protected":false},"author":2,"featured_media":0,"comment_status":"open","ping_status":"open","sticky":false,"template":"","format":"standard","meta":[],"categories":[24],"tags":[],"_links":{"self":[{"href":"http:\/\/archiv.szolnoktv.hu\/index.php?rest_route=\/wp\/v2\/posts\/30928"}],"collection":[{"href":"http:\/\/archiv.szolnoktv.hu\/index.php?rest_route=\/wp\/v2\/posts"}],"about":[{"href":"http:\/\/archiv.szolnoktv.hu\/index.php?rest_route=\/wp\/v2\/types\/post"}],"author":[{"embeddable":true,"href":"http:\/\/archiv.szolnoktv.hu\/index.php?rest_route=\/wp\/v2\/users\/2"}],"replies":[{"embeddable":true,"href":"http:\/\/archiv.szolnoktv.hu\/index.php?rest_route=%2Fwp%2Fv2%2Fcomments&post=30928"}],"version-history":[{"count":1,"href":"http:\/\/archiv.szolnoktv.hu\/index.php?rest_route=\/wp\/v2\/posts\/30928\/revisions"}],"predecessor-version":[{"id":30985,"href":"http:\/\/archiv.szolnoktv.hu\/index.php?rest_route=\/wp\/v2\/posts\/30928\/revisions\/30985"}],"wp:attachment":[{"href":"http:\/\/archiv.szolnoktv.hu\/index.php?rest_route=%2Fwp%2Fv2%2Fmedia&parent=30928"}],"wp:term":[{"taxonomy":"category","embeddable":true,"href":"http:\/\/archiv.szolnoktv.hu\/index.php?rest_route=%2Fwp%2Fv2%2Fcategories&post=30928"},{"taxonomy":"post_tag","embeddable":true,"href":"http:\/\/archiv.szolnoktv.hu\/index.php?rest_route=%2Fwp%2Fv2%2Ftags&post=30928"}],"curies":[{"name":"wp","href":"https:\/\/api.w.org\/{rel}","templated":true}]}}