{"id":30926,"date":"2008-03-31T19:40:17","date_gmt":"2008-03-31T19:40:17","guid":{"rendered":"http:\/\/archiv.szolnoktv.hu\/?p=30926"},"modified":"2021-11-17T13:27:32","modified_gmt":"2021-11-17T13:27:32","slug":"gondban-vannak-a-meheszek","status":"publish","type":"post","link":"http:\/\/archiv.szolnoktv.hu\/?p=30926","title":{"rendered":"Gondban vannak a m\u00e9h\u00e9szek"},"content":{"rendered":"<div class='booster-block booster-read-block'><\/div><p>Lehet, hogy kevesebb m\u00e9zet ehet\u00fcnk id\u00e9n az elm\u00falt hetek rossz id\u0151j\u00e1r\u00e1sa miatt. Az \u00e1ttelelt m\u00e9hek feladata ugyanis, hogy az idei gener\u00e1ci\u00f3t felnevelj\u00e9k. Azonban az ut\u00f3bbi hidegek miatt ez k\u00e9sett, mert a m\u00e9hek nem tudtak kirep\u00fclni, \u00edgy nem jutottak hozz\u00e1 a fejl\u0151d\u00e9shez sz\u00fcks\u00e9ges mennyis\u00e9g\u0171 vir\u00e1gporhoz. Moln\u00e1r Ferenc, az Orsz\u00e1gos Magyar M\u00e9h\u00e9szeti Egyes\u00fclet szaktan\u00e1csad\u00f3ja elmondta, a m\u00e9hek 40-50-60 ezer egyeddel sz\u00e1m\u00edtanak nagycsal\u00e1dnak, \u00e9s jelen pillanatban 15-20 ezer f\u0151s ez a n\u00e9pess\u00e9g, ami nagyon kev\u00e9s, mert ilyenkor m\u00e1r a dupl\u00e1ja szokott lenni. A l\u00e9tsz\u00e1mcs\u00f6kken\u00e9s oka egy\u00e9bk\u00e9nt eg\u00e9szen 2006-ig ny\u00falik vissza, amikor az enyhe t\u00e9l miatt parazit\u00e1k t\u00e1madt\u00e1k meg a m\u00e9heket. 2007-ben a forr\u00f3 ny\u00e1r miatt nem tudtak a csal\u00e1dok fejl\u0151dni, t\u00e9len pedig a hideg miatt Eur\u00f3pa-szerte t\u00f6bb volt a m\u00e9hpusztul\u00e1s, \u00edgy j\u00f3val kevesebb csal\u00e1d telelt \u00e1t. Az elm\u00falt id\u0151szak neh\u00e9zs\u00e9gei ut\u00e1n a mostani j\u00f3 id\u0151 be\u00e1llt\u00e1val m\u00e9g van es\u00e9ly, hogy a m\u00e9hcsal\u00e1dok felszaporodnak. Amennyiben ez nem t\u00f6rt\u00e9nik meg, a min\u0151s\u00e9gben nem lesz v\u00e1ltoz\u00e1s, a mennyis\u00e9g azonban cs\u00f6kkenhet, ez pedig a m\u00e9z dr\u00e1gul\u00e1s\u00e1t eredm\u00e9nyezi.<\/p>\n","protected":false},"excerpt":{"rendered":"<p>Lehet, hogy kevesebb m\u00e9zet ehet\u00fcnk id\u00e9n az elm\u00falt hetek rossz id\u0151j\u00e1r\u00e1sa miatt. Az \u00e1ttelelt m\u00e9hek feladata ugyanis, hogy az idei gener\u00e1ci\u00f3t felnevelj\u00e9k. Azonban az ut\u00f3bbi hidegek miatt ez k\u00e9sett, mert a m\u00e9hek nem tudtak kirep\u00fclni, \u00edgy nem jutottak hozz\u00e1 a fejl\u0151d\u00e9shez sz\u00fcks\u00e9ges mennyis\u00e9g\u0171 vir\u00e1gporhoz. Moln\u00e1r Ferenc, az Orsz\u00e1gos Magyar M\u00e9h\u00e9szeti Egyes\u00fclet szaktan\u00e1csad\u00f3ja elmondta, a m\u00e9hek [&hellip;]<\/p>\n","protected":false},"author":2,"featured_media":0,"comment_status":"open","ping_status":"open","sticky":false,"template":"","format":"standard","meta":[],"categories":[24],"tags":[],"_links":{"self":[{"href":"http:\/\/archiv.szolnoktv.hu\/index.php?rest_route=\/wp\/v2\/posts\/30926"}],"collection":[{"href":"http:\/\/archiv.szolnoktv.hu\/index.php?rest_route=\/wp\/v2\/posts"}],"about":[{"href":"http:\/\/archiv.szolnoktv.hu\/index.php?rest_route=\/wp\/v2\/types\/post"}],"author":[{"embeddable":true,"href":"http:\/\/archiv.szolnoktv.hu\/index.php?rest_route=\/wp\/v2\/users\/2"}],"replies":[{"embeddable":true,"href":"http:\/\/archiv.szolnoktv.hu\/index.php?rest_route=%2Fwp%2Fv2%2Fcomments&post=30926"}],"version-history":[{"count":1,"href":"http:\/\/archiv.szolnoktv.hu\/index.php?rest_route=\/wp\/v2\/posts\/30926\/revisions"}],"predecessor-version":[{"id":30987,"href":"http:\/\/archiv.szolnoktv.hu\/index.php?rest_route=\/wp\/v2\/posts\/30926\/revisions\/30987"}],"wp:attachment":[{"href":"http:\/\/archiv.szolnoktv.hu\/index.php?rest_route=%2Fwp%2Fv2%2Fmedia&parent=30926"}],"wp:term":[{"taxonomy":"category","embeddable":true,"href":"http:\/\/archiv.szolnoktv.hu\/index.php?rest_route=%2Fwp%2Fv2%2Fcategories&post=30926"},{"taxonomy":"post_tag","embeddable":true,"href":"http:\/\/archiv.szolnoktv.hu\/index.php?rest_route=%2Fwp%2Fv2%2Ftags&post=30926"}],"curies":[{"name":"wp","href":"https:\/\/api.w.org\/{rel}","templated":true}]}}