{"id":30925,"date":"2008-03-31T19:39:38","date_gmt":"2008-03-31T19:39:38","guid":{"rendered":"http:\/\/archiv.szolnoktv.hu\/?p=30925"},"modified":"2021-11-17T13:27:32","modified_gmt":"2021-11-17T13:27:32","slug":"gazaremeles","status":"publish","type":"post","link":"http:\/\/archiv.szolnoktv.hu\/?p=30925","title":{"rendered":"G\u00e1z\u00e1remel\u00e9s"},"content":{"rendered":"<div class='booster-block booster-read-block'><\/div><p>\u00c1prilis 1-t\u0151l csaknem 6 sz\u00e1zal\u00e9kkal kell t\u00f6bbet fizetnie a lakoss\u00e1gnak a f\u00f6ldg\u00e1z\u00e9rt. A dr\u00e1gul\u00e1s egyel\u0151re viszont nem \u00e9rinti a szolnoki t\u00e1vf\u0171t\u00e9ses lak\u00e1sban \u00e9l\u0151ket.<br \/>\n5,8 sz\u00e1zal\u00e9k. Ennyivel dr\u00e1gul \u00e1prilis 1-j\u00e9t\u0151l a lakoss\u00e1gi f\u00f6ldg\u00e1z \u00e1ra. Ez, a sz\u00e1m\u00edt\u00e1sok szerint, egy szoci\u00e1lis alapon t\u00e1mogat\u00e1sban nem r\u00e9szes\u00fcl\u0151, \u00e1tlagos fogyaszt\u00f3nak havonta 800 forintos t\u00f6bbletkiad\u00e1st jelent. A Magyar Energia Hivatal egy\u00e9bk\u00e9nt enn\u00e9l jelent\u0151sebb, 13,5 sz\u00e1zal\u00e9kos emel\u00e9sre tett javaslatot, azonban a szakt\u00e1rca ezt elutas\u00edtotta r\u00e9szben azzal az indokkal, hogy a f\u00f6ldg\u00e1zpiac megnyit\u00e1sa a tervezettn\u00e9l k\u00e9s\u0151bbre tol\u00f3dik. A mostani dr\u00e1gul\u00e1s viszont egyel\u0151re nem \u00e9rinti azokat, akik a mintegy 8800 szolnoki t\u00e1vf\u0171t\u00e9ses lak\u00e1sban \u00e9lnek. A szolg\u00e1ltat\u00f3 2004-t\u0151l m\u00e1r k\u00f6zvetlen\u00fcl a szabad piacr\u00f3l v\u00e1s\u00e1rolja az energiahordoz\u00f3t. Ugyanakkor a szolnoki k\u00f6zgy\u0171l\u00e9s tavaly \u0151sszel fogadta el az \u00faj \u00e1rk\u00e9pz\u00e9si elveket, azaz f\u00e9l\u00e9vente vizsg\u00e1lj\u00e1k fel\u00fcl a g\u00e1z \u00e1r\u00e1nak alakul\u00e1s\u00e1t \u00e9s ennek hat\u00e1sait. A h\u0151d\u00edjak \u00edgy k\u00f6vetik a t\u00e9nyleges beszerz\u00e9si k\u00f6lts\u00e9geket. Miut\u00e1n az olaj vil\u00e1gpiaci \u00e1ra, amelyt\u0151l f\u00fcgg a f\u00f6ldg\u00e1z\u00e9 is, a v\u00e1rtn\u00e1l nagyobb m\u00e9rt\u00e9kben emelkedett, \u00edgy j\u00falius 1-j\u00e9t\u0151l biztos, hogy lesz h\u0151d\u00edj emelked\u00e9s, a m\u00e9rt\u00e9ke m\u00e9g k\u00e9rd\u00e9ses. A k\u00f6vetkez\u0151 h\u00e1rom h\u00f3nap beszerz\u00e9si \u00e1rain \u00e9s a doll\u00e1r-forint \u00e1rfolyam ingadoz\u00e1s\u00e1n is sok m\u00falik.<\/p>\n","protected":false},"excerpt":{"rendered":"<p>\u00c1prilis 1-t\u0151l csaknem 6 sz\u00e1zal\u00e9kkal kell t\u00f6bbet fizetnie a lakoss\u00e1gnak a f\u00f6ldg\u00e1z\u00e9rt. A dr\u00e1gul\u00e1s egyel\u0151re viszont nem \u00e9rinti a szolnoki t\u00e1vf\u0171t\u00e9ses lak\u00e1sban \u00e9l\u0151ket. 5,8 sz\u00e1zal\u00e9k. Ennyivel dr\u00e1gul \u00e1prilis 1-j\u00e9t\u0151l a lakoss\u00e1gi f\u00f6ldg\u00e1z \u00e1ra. Ez, a sz\u00e1m\u00edt\u00e1sok szerint, egy szoci\u00e1lis alapon t\u00e1mogat\u00e1sban nem r\u00e9szes\u00fcl\u0151, \u00e1tlagos fogyaszt\u00f3nak havonta 800 forintos t\u00f6bbletkiad\u00e1st jelent. A Magyar Energia Hivatal egy\u00e9bk\u00e9nt [&hellip;]<\/p>\n","protected":false},"author":2,"featured_media":0,"comment_status":"open","ping_status":"open","sticky":false,"template":"","format":"standard","meta":[],"categories":[24],"tags":[],"_links":{"self":[{"href":"http:\/\/archiv.szolnoktv.hu\/index.php?rest_route=\/wp\/v2\/posts\/30925"}],"collection":[{"href":"http:\/\/archiv.szolnoktv.hu\/index.php?rest_route=\/wp\/v2\/posts"}],"about":[{"href":"http:\/\/archiv.szolnoktv.hu\/index.php?rest_route=\/wp\/v2\/types\/post"}],"author":[{"embeddable":true,"href":"http:\/\/archiv.szolnoktv.hu\/index.php?rest_route=\/wp\/v2\/users\/2"}],"replies":[{"embeddable":true,"href":"http:\/\/archiv.szolnoktv.hu\/index.php?rest_route=%2Fwp%2Fv2%2Fcomments&post=30925"}],"version-history":[{"count":1,"href":"http:\/\/archiv.szolnoktv.hu\/index.php?rest_route=\/wp\/v2\/posts\/30925\/revisions"}],"predecessor-version":[{"id":30988,"href":"http:\/\/archiv.szolnoktv.hu\/index.php?rest_route=\/wp\/v2\/posts\/30925\/revisions\/30988"}],"wp:attachment":[{"href":"http:\/\/archiv.szolnoktv.hu\/index.php?rest_route=%2Fwp%2Fv2%2Fmedia&parent=30925"}],"wp:term":[{"taxonomy":"category","embeddable":true,"href":"http:\/\/archiv.szolnoktv.hu\/index.php?rest_route=%2Fwp%2Fv2%2Fcategories&post=30925"},{"taxonomy":"post_tag","embeddable":true,"href":"http:\/\/archiv.szolnoktv.hu\/index.php?rest_route=%2Fwp%2Fv2%2Ftags&post=30925"}],"curies":[{"name":"wp","href":"https:\/\/api.w.org\/{rel}","templated":true}]}}