{"id":30924,"date":"2008-03-31T19:38:39","date_gmt":"2008-03-31T19:38:39","guid":{"rendered":"http:\/\/archiv.szolnoktv.hu\/?p=30924"},"modified":"2021-11-17T13:27:32","modified_gmt":"2021-11-17T13:27:32","slug":"ciganyellenes-szorolap","status":"publish","type":"post","link":"http:\/\/archiv.szolnoktv.hu\/?p=30924","title":{"rendered":"Cig\u00e1nyellenes sz\u00f3r\u00f3lap"},"content":{"rendered":"<div class='booster-block booster-read-block'><\/div><p>Szombaton egy rep\u00fcl\u0151 jelent meg Szolnok rom\u00e1k \u00e1ltal lakott ter\u00fclete f\u00f6l\u00f6tt. A g\u00e9pb\u0151l sz\u00f3r\u00f3lapokat dob\u00e1ltak ki. A pap\u00edrcetliken egy vicc olvashat\u00f3, amely alatt Pusztuljatok cig\u00e1nyok! felirat \u00e9s a Szolnoki Roma Ellenes T\u00e1rsas\u00e1g al\u00e1\u00edr\u00e1sa van.<br \/>\nAz \u00fcgyben a Cig\u00e1ny Kisebbs\u00e9gi \u00d6nkorm\u00e1nyzat a v\u00e1ros seg\u00edts\u00e9g\u00e9t k\u00e9rte. A rend\u0151rs\u00e9gen feljelent\u00e9st viszont nem tettek. A CK\u00d6 eln\u00f6ke azt mondja, nekik el\u00e9g, hogy a vezet\u00e9s mell\u00e9j\u00fck \u00e1ll. Koz\u00e1k Ferenc hozz\u00e1tette: megtorl\u00e1st nem terveznek, hanem csak azt k\u00e9rik, ne zaklass\u00e1k \u0151ket, a cig\u00e1nyok \u00e9s magyarok pr\u00f3b\u00e1ljanak meg v\u00e9gre b\u00e9kess\u00e9gben \u00e9lni egym\u00e1s mellett. F\u00e9lelem az\u00e9rt van benn\u00fck. Kolomp\u00e1r J\u00f3zsef hangs\u00falyozta, az\u00e9rt f\u00e9lnek, mert ha ilyet le tudtak dobni, le tudnak m\u00e1st is dobni.<\/p>\n","protected":false},"excerpt":{"rendered":"<p>Szombaton egy rep\u00fcl\u0151 jelent meg Szolnok rom\u00e1k \u00e1ltal lakott ter\u00fclete f\u00f6l\u00f6tt. A g\u00e9pb\u0151l sz\u00f3r\u00f3lapokat dob\u00e1ltak ki. A pap\u00edrcetliken egy vicc olvashat\u00f3, amely alatt Pusztuljatok cig\u00e1nyok! felirat \u00e9s a Szolnoki Roma Ellenes T\u00e1rsas\u00e1g al\u00e1\u00edr\u00e1sa van. Az \u00fcgyben a Cig\u00e1ny Kisebbs\u00e9gi \u00d6nkorm\u00e1nyzat a v\u00e1ros seg\u00edts\u00e9g\u00e9t k\u00e9rte. A rend\u0151rs\u00e9gen feljelent\u00e9st viszont nem tettek. A CK\u00d6 eln\u00f6ke azt mondja, [&hellip;]<\/p>\n","protected":false},"author":2,"featured_media":0,"comment_status":"open","ping_status":"open","sticky":false,"template":"","format":"standard","meta":[],"categories":[24],"tags":[],"_links":{"self":[{"href":"http:\/\/archiv.szolnoktv.hu\/index.php?rest_route=\/wp\/v2\/posts\/30924"}],"collection":[{"href":"http:\/\/archiv.szolnoktv.hu\/index.php?rest_route=\/wp\/v2\/posts"}],"about":[{"href":"http:\/\/archiv.szolnoktv.hu\/index.php?rest_route=\/wp\/v2\/types\/post"}],"author":[{"embeddable":true,"href":"http:\/\/archiv.szolnoktv.hu\/index.php?rest_route=\/wp\/v2\/users\/2"}],"replies":[{"embeddable":true,"href":"http:\/\/archiv.szolnoktv.hu\/index.php?rest_route=%2Fwp%2Fv2%2Fcomments&post=30924"}],"version-history":[{"count":1,"href":"http:\/\/archiv.szolnoktv.hu\/index.php?rest_route=\/wp\/v2\/posts\/30924\/revisions"}],"predecessor-version":[{"id":30989,"href":"http:\/\/archiv.szolnoktv.hu\/index.php?rest_route=\/wp\/v2\/posts\/30924\/revisions\/30989"}],"wp:attachment":[{"href":"http:\/\/archiv.szolnoktv.hu\/index.php?rest_route=%2Fwp%2Fv2%2Fmedia&parent=30924"}],"wp:term":[{"taxonomy":"category","embeddable":true,"href":"http:\/\/archiv.szolnoktv.hu\/index.php?rest_route=%2Fwp%2Fv2%2Fcategories&post=30924"},{"taxonomy":"post_tag","embeddable":true,"href":"http:\/\/archiv.szolnoktv.hu\/index.php?rest_route=%2Fwp%2Fv2%2Ftags&post=30924"}],"curies":[{"name":"wp","href":"https:\/\/api.w.org\/{rel}","templated":true}]}}