{"id":30923,"date":"2008-03-31T19:38:03","date_gmt":"2008-03-31T19:38:03","guid":{"rendered":"http:\/\/archiv.szolnoktv.hu\/?p=30923"},"modified":"2021-11-17T13:27:32","modified_gmt":"2021-11-17T13:27:32","slug":"ujabb-kozlekedesi-valtozas","status":"publish","type":"post","link":"http:\/\/archiv.szolnoktv.hu\/?p=30923","title":{"rendered":"\u00dajabb k\u00f6zleked\u00e9si v\u00e1ltoz\u00e1s"},"content":{"rendered":"<div class='booster-block booster-read-block'><\/div><p>A buszok m\u00e1t\u00f3l mindk\u00e9t ir\u00e1nyb\u00f3l \u00fajra \u00e1thajthatnak a Kossuth t\u00e9ren. A hagyom\u00e1nyos rend vissza\u00e1ll\u00edt\u00e1sa azonban nem \u00e9rinti az \u00f6sszes j\u00e1ratot.<br \/>\nSok k\u00f6rny\u00e9kbeli lakos kifog\u00e1solta, hogy b\u00e1r van egy sz\u00e9p f\u0151tere a v\u00e1rosnak, \u00e1m ez a t\u00f6megk\u00f6zleked\u00e9s rov\u00e1s\u00e1ra ment. Fodor Gy\u00f6rgy m\u0171szaki fejleszt\u00e9si oszt\u00e1lyvezet\u0151 szerint ez ugyan a t\u00e9r haszn\u00e1lati \u00e9rt\u00e9k\u00e9t rontja egy picit, de olyan m\u00e9rt\u00e9kben rem\u00e9lhet\u0151leg nem, hogy akad\u00e1lyozn\u00e1 a t\u00e9r eredetileg elk\u00e9pzelt haszn\u00e1lat\u00e1t. Az \u00faj t\u00f6megk\u00f6zleked\u00e9si rend szerint csak a Tisza-h\u00edd fel\u0151l \u00e9rkez\u0151k, valamint a kettes buszok haszn\u00e1lhatj\u00e1k a teret. Az \u00f6t\u00f6s \u00e9s a 10\/A-s j\u00e1ratoknak \u00faj vonalon kell k\u00f6zlekedni &#8211; mondta Menk\u00f3 Mih\u00e1ly, a J\u00e1szkun Vol\u00e1n helyi \u00fczlet\u00e1g-igazgat\u00f3ja. E k\u00e9t j\u00e1rat eset\u00e9ben az eredeti \u00fatvonal k\u00e9t v\u00e9g\u00e1llom\u00e1sa v\u00e1ltozatlan marad, viszont a teret elker\u00fclik. Helyette a S\u00e1gv\u00e1ri k\u00f6r\u00fat \u00e9s Szolnok Isp\u00e1n k\u00f6r\u00fat \u00e9rint\u00e9s\u00e9vel k\u00f6zlekednek.<\/p>\n","protected":false},"excerpt":{"rendered":"<p>A buszok m\u00e1t\u00f3l mindk\u00e9t ir\u00e1nyb\u00f3l \u00fajra \u00e1thajthatnak a Kossuth t\u00e9ren. A hagyom\u00e1nyos rend vissza\u00e1ll\u00edt\u00e1sa azonban nem \u00e9rinti az \u00f6sszes j\u00e1ratot. Sok k\u00f6rny\u00e9kbeli lakos kifog\u00e1solta, hogy b\u00e1r van egy sz\u00e9p f\u0151tere a v\u00e1rosnak, \u00e1m ez a t\u00f6megk\u00f6zleked\u00e9s rov\u00e1s\u00e1ra ment. Fodor Gy\u00f6rgy m\u0171szaki fejleszt\u00e9si oszt\u00e1lyvezet\u0151 szerint ez ugyan a t\u00e9r haszn\u00e1lati \u00e9rt\u00e9k\u00e9t rontja egy picit, de olyan [&hellip;]<\/p>\n","protected":false},"author":2,"featured_media":0,"comment_status":"open","ping_status":"open","sticky":false,"template":"","format":"standard","meta":[],"categories":[24],"tags":[],"_links":{"self":[{"href":"http:\/\/archiv.szolnoktv.hu\/index.php?rest_route=\/wp\/v2\/posts\/30923"}],"collection":[{"href":"http:\/\/archiv.szolnoktv.hu\/index.php?rest_route=\/wp\/v2\/posts"}],"about":[{"href":"http:\/\/archiv.szolnoktv.hu\/index.php?rest_route=\/wp\/v2\/types\/post"}],"author":[{"embeddable":true,"href":"http:\/\/archiv.szolnoktv.hu\/index.php?rest_route=\/wp\/v2\/users\/2"}],"replies":[{"embeddable":true,"href":"http:\/\/archiv.szolnoktv.hu\/index.php?rest_route=%2Fwp%2Fv2%2Fcomments&post=30923"}],"version-history":[{"count":1,"href":"http:\/\/archiv.szolnoktv.hu\/index.php?rest_route=\/wp\/v2\/posts\/30923\/revisions"}],"predecessor-version":[{"id":30990,"href":"http:\/\/archiv.szolnoktv.hu\/index.php?rest_route=\/wp\/v2\/posts\/30923\/revisions\/30990"}],"wp:attachment":[{"href":"http:\/\/archiv.szolnoktv.hu\/index.php?rest_route=%2Fwp%2Fv2%2Fmedia&parent=30923"}],"wp:term":[{"taxonomy":"category","embeddable":true,"href":"http:\/\/archiv.szolnoktv.hu\/index.php?rest_route=%2Fwp%2Fv2%2Fcategories&post=30923"},{"taxonomy":"post_tag","embeddable":true,"href":"http:\/\/archiv.szolnoktv.hu\/index.php?rest_route=%2Fwp%2Fv2%2Ftags&post=30923"}],"curies":[{"name":"wp","href":"https:\/\/api.w.org\/{rel}","templated":true}]}}