{"id":30922,"date":"2008-03-31T19:36:32","date_gmt":"2008-03-31T19:36:32","guid":{"rendered":"http:\/\/archiv.szolnoktv.hu\/?p=30922"},"modified":"2021-11-17T13:27:32","modified_gmt":"2021-11-17T13:27:32","slug":"altalanos-iskolai-jelentkezesi-lapok","status":"publish","type":"post","link":"http:\/\/archiv.szolnoktv.hu\/?p=30922","title":{"rendered":"\u00c1ltal\u00e1nos iskolai jelentkez\u00e9si lapok"},"content":{"rendered":"<div class='booster-block booster-read-block'><\/div><p>700 \u00faj els\u0151s. Szeptembert\u0151l v\u00e1rhat\u00f3an ennyien kezdik meg \u00e1ltal\u00e1nos iskolai tanulm\u00e1nyaikat Szolnokon. A sz\u00fcl\u0151k sz\u00e1mos helyr\u0151l beszerezhetik az \u00e1ltal\u00e1nos iskolai jelentkez\u00e9si lapot.<br \/>\nA nyomtatv\u00e1ny megtal\u00e1lhat\u00f3 az \u00f6sszes \u00f3vod\u00e1ban \u00e9s \u00e1ltal\u00e1nos iskol\u00e1ban, a polg\u00e1rmesteri hivatal \u00fcgyf\u00e9lszolg\u00e1lati irod\u00e1j\u00e1n, az okm\u00e1nyirod\u00e1ban, de let\u00f6lthet\u0151 a v\u00e1ros honlapj\u00e1r\u00f3l is. A www.szolnok.hu port\u00e1lon ugyancsak olvashat\u00f3ak az \u00e1ltal\u00e1nos iskol\u00e1k k\u00f6rzeteihez tartoz\u00f3 utcanevek is. L\u00e9teznek teh\u00e1t k\u00f6rzethat\u00e1rok, ugyanakkor biztos\u00edtott a szabad iskolav\u00e1laszt\u00e1s lehet\u0151s\u00e9ge is. Az iskol\u00e1k a k\u00f6rzetben lak\u00f3kat minden esetben f\u00f6lveszik, m\u00e1s v\u00e1lasztott int\u00e9zm\u00e9ny eset\u00e9ben a felv\u00e9telr\u0151l az igazgat\u00f3 d\u00f6nt. A jelentkez\u00e9si lapon h\u00e1rom int\u00e9zm\u00e9ny jel\u00f6lhet\u0151 meg, \u00e9s \u00e1prilis 10-ig abba az iskol\u00e1ba kell leadni a kit\u00f6lt\u00f6tt nyomtatv\u00e1nyt az igazol\u00e1sokkal egy\u00fctt, amelyik az els\u0151 helyen szerepel. A tanul\u00f3k felv\u00e9tel\u00e9r\u0151l \u00e1prilis 17-\u00e9n d\u00f6ntenek, a sz\u00fcl\u0151ket pedig \u00e1prilis 24-ig \u00e9rtes\u00edtik. Maga a be\u00edratkoz\u00e1s \u00e1prilis 28-\u00e1n \u00e9s 29-\u00e9n lesz. Id\u00e9n azok a gyerekek lesznek tank\u00f6telesek, akik el\u00e9rve a sz\u00fcks\u00e9ges fejletts\u00e9gi szintet, ez \u00e9v m\u00e1jus 31-ig bet\u00f6ltik 6. \u00e9let\u00e9v\u00fcket. A gyermek akkor is megkezdheti tanulm\u00e1nyait, ha december 31-ig t\u00f6lti be 6. \u00e9let\u00e9v\u00e9t \u00e9s ezt a sz\u00fcl\u0151 k\u00e9relmezi &#8211; mondta a polg\u00e1rmesteri hivatal hum\u00e1n igazgat\u00f3ja. Szutorisz-Sz\u00fcgyi Csongor hozz\u00e1tette: \u00fagy kalkul\u00e1lnak, hogy 27 \u00e1ltal\u00e1nos iskolai els\u0151 oszt\u00e1ly indul 26-27 f\u0151s l\u00e9tsz\u00e1mmal. A t\u00f6rv\u00e9ny szerint maximum 26 gyermek j\u00e1rhat egy-egy els\u0151 oszt\u00e1lyba, de ett\u0151l, megfelel\u0151 indokok eset\u00e9n, k\u00e9tszer 10 sz\u00e1zal\u00e9kkal pluszban el lehet t\u00e9rni.<\/p>\n","protected":false},"excerpt":{"rendered":"<p>700 \u00faj els\u0151s. Szeptembert\u0151l v\u00e1rhat\u00f3an ennyien kezdik meg \u00e1ltal\u00e1nos iskolai tanulm\u00e1nyaikat Szolnokon. A sz\u00fcl\u0151k sz\u00e1mos helyr\u0151l beszerezhetik az \u00e1ltal\u00e1nos iskolai jelentkez\u00e9si lapot. A nyomtatv\u00e1ny megtal\u00e1lhat\u00f3 az \u00f6sszes \u00f3vod\u00e1ban \u00e9s \u00e1ltal\u00e1nos iskol\u00e1ban, a polg\u00e1rmesteri hivatal \u00fcgyf\u00e9lszolg\u00e1lati irod\u00e1j\u00e1n, az okm\u00e1nyirod\u00e1ban, de let\u00f6lthet\u0151 a v\u00e1ros honlapj\u00e1r\u00f3l is. A www.szolnok.hu port\u00e1lon ugyancsak olvashat\u00f3ak az \u00e1ltal\u00e1nos iskol\u00e1k k\u00f6rzeteihez tartoz\u00f3 utcanevek [&hellip;]<\/p>\n","protected":false},"author":2,"featured_media":0,"comment_status":"open","ping_status":"open","sticky":false,"template":"","format":"standard","meta":[],"categories":[24],"tags":[],"_links":{"self":[{"href":"http:\/\/archiv.szolnoktv.hu\/index.php?rest_route=\/wp\/v2\/posts\/30922"}],"collection":[{"href":"http:\/\/archiv.szolnoktv.hu\/index.php?rest_route=\/wp\/v2\/posts"}],"about":[{"href":"http:\/\/archiv.szolnoktv.hu\/index.php?rest_route=\/wp\/v2\/types\/post"}],"author":[{"embeddable":true,"href":"http:\/\/archiv.szolnoktv.hu\/index.php?rest_route=\/wp\/v2\/users\/2"}],"replies":[{"embeddable":true,"href":"http:\/\/archiv.szolnoktv.hu\/index.php?rest_route=%2Fwp%2Fv2%2Fcomments&post=30922"}],"version-history":[{"count":1,"href":"http:\/\/archiv.szolnoktv.hu\/index.php?rest_route=\/wp\/v2\/posts\/30922\/revisions"}],"predecessor-version":[{"id":30991,"href":"http:\/\/archiv.szolnoktv.hu\/index.php?rest_route=\/wp\/v2\/posts\/30922\/revisions\/30991"}],"wp:attachment":[{"href":"http:\/\/archiv.szolnoktv.hu\/index.php?rest_route=%2Fwp%2Fv2%2Fmedia&parent=30922"}],"wp:term":[{"taxonomy":"category","embeddable":true,"href":"http:\/\/archiv.szolnoktv.hu\/index.php?rest_route=%2Fwp%2Fv2%2Fcategories&post=30922"},{"taxonomy":"post_tag","embeddable":true,"href":"http:\/\/archiv.szolnoktv.hu\/index.php?rest_route=%2Fwp%2Fv2%2Ftags&post=30922"}],"curies":[{"name":"wp","href":"https:\/\/api.w.org\/{rel}","templated":true}]}}