{"id":30918,"date":"2008-03-30T18:54:28","date_gmt":"2008-03-30T18:54:28","guid":{"rendered":"http:\/\/archiv.szolnoktv.hu\/?p=30918"},"modified":"2021-11-17T13:27:32","modified_gmt":"2021-11-17T13:27:32","slug":"tabani-grund","status":"publish","type":"post","link":"http:\/\/archiv.szolnoktv.hu\/?p=30918","title":{"rendered":"Tab\u00e1ni grund"},"content":{"rendered":"<div class='booster-block booster-read-block'><\/div><p>Vas\u00e1rnap d\u00e9lel\u0151tt adt\u00e1k \u00e1t  a fel\u00faj\u00edtott grundot, ahol   m\u00e1r 4 pal\u00e1nk is v\u00e1rja a streetball szolnoki megsz\u00e1llottait. A sportl\u00e9tes\u00edtm\u00e9nyt b\u00e1rki, b\u00e1rmikor szabadon haszn\u00e1lhatja. A megnyit\u00f3 ut\u00e1n egyb\u0151l egy streetball versennyel k\u00e9sz\u00fcltek a szervez\u0151k.<br \/>\nMindenki csak saj\u00e1t felel\u0151ss\u00e9g\u00e9re haszn\u00e1lhatja. Ez az egy szab\u00e1lya van a vas\u00e1rnap d\u00e9lel\u0151tt \u00e1tadott tab\u00e1ni grundnak.  A m\u00e1r rossz \u00e1llapotban l\u00e9v\u0151 egykori kos\u00e1rp\u00e1ly\u00e1t \u00fajrabetonozt\u00e1k, illetve \u00faj ker\u00edt\u00e9st is kapott, st\u00edlszer\u0171en piros- fekete sz\u00edn\u0171t. A sportl\u00e9tes\u00edtm\u00e9ny fel\u00faj\u00edt\u00e1s\u00e1t ugyanis a Szolnoki Olaj Kos\u00e1rlabda Klub Kft v\u00e1llalta mag\u00e1ra, az \u00f6nkorm\u00e1nyzat \u00e9s a V\u00e1rosi Sportcentrum anyagi t\u00e1mogat\u00e1s\u00e1val. A megnyit\u00f3 ut\u00e1n egyb\u0151l egy streetball versennyel k\u00e9sz\u00fcltek a szervez\u0151k.<\/p>\n","protected":false},"excerpt":{"rendered":"<p>Vas\u00e1rnap d\u00e9lel\u0151tt adt\u00e1k \u00e1t a fel\u00faj\u00edtott grundot, ahol m\u00e1r 4 pal\u00e1nk is v\u00e1rja a streetball szolnoki megsz\u00e1llottait. A sportl\u00e9tes\u00edtm\u00e9nyt b\u00e1rki, b\u00e1rmikor szabadon haszn\u00e1lhatja. A megnyit\u00f3 ut\u00e1n egyb\u0151l egy streetball versennyel k\u00e9sz\u00fcltek a szervez\u0151k. Mindenki csak saj\u00e1t felel\u0151ss\u00e9g\u00e9re haszn\u00e1lhatja. Ez az egy szab\u00e1lya van a vas\u00e1rnap d\u00e9lel\u0151tt \u00e1tadott tab\u00e1ni grundnak. A m\u00e1r rossz \u00e1llapotban l\u00e9v\u0151 egykori [&hellip;]<\/p>\n","protected":false},"author":2,"featured_media":0,"comment_status":"open","ping_status":"open","sticky":false,"template":"","format":"standard","meta":[],"categories":[24],"tags":[],"_links":{"self":[{"href":"http:\/\/archiv.szolnoktv.hu\/index.php?rest_route=\/wp\/v2\/posts\/30918"}],"collection":[{"href":"http:\/\/archiv.szolnoktv.hu\/index.php?rest_route=\/wp\/v2\/posts"}],"about":[{"href":"http:\/\/archiv.szolnoktv.hu\/index.php?rest_route=\/wp\/v2\/types\/post"}],"author":[{"embeddable":true,"href":"http:\/\/archiv.szolnoktv.hu\/index.php?rest_route=\/wp\/v2\/users\/2"}],"replies":[{"embeddable":true,"href":"http:\/\/archiv.szolnoktv.hu\/index.php?rest_route=%2Fwp%2Fv2%2Fcomments&post=30918"}],"version-history":[{"count":1,"href":"http:\/\/archiv.szolnoktv.hu\/index.php?rest_route=\/wp\/v2\/posts\/30918\/revisions"}],"predecessor-version":[{"id":30995,"href":"http:\/\/archiv.szolnoktv.hu\/index.php?rest_route=\/wp\/v2\/posts\/30918\/revisions\/30995"}],"wp:attachment":[{"href":"http:\/\/archiv.szolnoktv.hu\/index.php?rest_route=%2Fwp%2Fv2%2Fmedia&parent=30918"}],"wp:term":[{"taxonomy":"category","embeddable":true,"href":"http:\/\/archiv.szolnoktv.hu\/index.php?rest_route=%2Fwp%2Fv2%2Fcategories&post=30918"},{"taxonomy":"post_tag","embeddable":true,"href":"http:\/\/archiv.szolnoktv.hu\/index.php?rest_route=%2Fwp%2Fv2%2Ftags&post=30918"}],"curies":[{"name":"wp","href":"https:\/\/api.w.org\/{rel}","templated":true}]}}