{"id":30917,"date":"2008-03-30T18:53:30","date_gmt":"2008-03-30T18:53:30","guid":{"rendered":"http:\/\/archiv.szolnoktv.hu\/?p=30917"},"modified":"2021-11-17T13:27:33","modified_gmt":"2021-11-17T13:27:33","slug":"megujul-a-fuggetlen-kisgazda-foldmunkas-es-polgari-part","status":"publish","type":"post","link":"http:\/\/archiv.szolnoktv.hu\/?p=30917","title":{"rendered":"Meg\u00fajul a F\u00fcggetlen Kisgazda-, F\u00f6ldmunk\u00e1s- \u00e9s Polg\u00e1ri P\u00e1rt"},"content":{"rendered":"<div class='booster-block booster-read-block'><\/div><p>\u00dajra t\u00f6rv\u00e9nyes keretek k\u00f6z\u00f6tt m\u0171k\u00f6dik az elm\u00falt \u00e9vekben ut\u00f3dl\u00e1si jogvit\u00e1k miatt sz\u00fcnetel\u0151 F\u00fcggetlen Kisgazda-, F\u00f6ldmunk\u00e1s- \u00e9s Polg\u00e1ri P\u00e1rt. A megyei k\u00fcld\u00f6ttek a szolnoki nagygy\u0171l\u00e9sen orsz\u00e1gos eln\u00f6ks\u00e9get v\u00e1laszottak, ezzel a p\u00e1rt j\u00f6v\u0151je \u00faj alapokra ker\u00fclt. A v\u00e1lasztm\u00e1ny k\u00e9t eln\u00f6kjel\u00f6ltet \u00e1ll\u00edtott, \u00e1m M\u00e1rkus J\u00e1nos f\u0151titk\u00e1r nem v\u00e1llalta a jel\u00f6lts\u00e9get, \u00edgy a p\u00e1rt eln\u00f6k\u00e9nek Nagy S\u00e1ndor L\u00e1szl\u00f3t v\u00e1lasztott\u00e1k, akinek hat\u00e1rozott tervei vannak a j\u00f6v\u0151t illet\u0151en, p\u00e9ld\u00e1ul hogy a p\u00e1rt a 2010-es v\u00e1laszt\u00e1sokra \u00fajb\u00f3l meghat\u00e1roz\u00f3 politikai er\u0151 lehessen. Szerinte ehhez azonban nemcsak a vezet\u00e9snek kell meg\u00fajulnia, hanem a tags\u00e1gnak is. Az eln\u00f6k szem\u00e9ly\u00e9n t\u00fal f\u0151titk\u00e1rt, aleln\u00f6k\u00f6ket \u00e9s f\u0151titk\u00e1r-helyetteseket is v\u00e1laszottak, valamint tiszteletbeli eln\u00f6k\u00f6t dr. Mizsei B\u00e9la szem\u00e9ly\u00e9ben. Az \u00faj vezet\u00e9s c\u00e9lkit\u0171z\u00e9sei k\u00f6z\u00f6tt szerepel, hogy visszany\u00faljanak a r\u00e9gi \u00e9rt\u00e9krendhez, visszaadj\u00e1k a p\u00e1rtba vetett hitet \u00e9s felsz\u00e1molj\u00e1k az ellens\u00e9gesked\u00e9st. Az \u00faj p\u00e1rt a t\u00e1rsadalom minden r\u00e9teg\u00e9nek k\u00e9pvisel\u0151je akar lenni, nemcsak az agr\u00e1rter\u00fcletnek. C\u00e9ljuk egy olyan Magyarorsz\u00e1got \u00e9p\u00edteni, ahol mindenki j\u00f3l \u00e9rzi mag\u00e1t.<\/p>\n","protected":false},"excerpt":{"rendered":"<p>\u00dajra t\u00f6rv\u00e9nyes keretek k\u00f6z\u00f6tt m\u0171k\u00f6dik az elm\u00falt \u00e9vekben ut\u00f3dl\u00e1si jogvit\u00e1k miatt sz\u00fcnetel\u0151 F\u00fcggetlen Kisgazda-, F\u00f6ldmunk\u00e1s- \u00e9s Polg\u00e1ri P\u00e1rt. A megyei k\u00fcld\u00f6ttek a szolnoki nagygy\u0171l\u00e9sen orsz\u00e1gos eln\u00f6ks\u00e9get v\u00e1laszottak, ezzel a p\u00e1rt j\u00f6v\u0151je \u00faj alapokra ker\u00fclt. A v\u00e1lasztm\u00e1ny k\u00e9t eln\u00f6kjel\u00f6ltet \u00e1ll\u00edtott, \u00e1m M\u00e1rkus J\u00e1nos f\u0151titk\u00e1r nem v\u00e1llalta a jel\u00f6lts\u00e9get, \u00edgy a p\u00e1rt eln\u00f6k\u00e9nek Nagy S\u00e1ndor L\u00e1szl\u00f3t v\u00e1lasztott\u00e1k, [&hellip;]<\/p>\n","protected":false},"author":2,"featured_media":0,"comment_status":"open","ping_status":"open","sticky":false,"template":"","format":"standard","meta":[],"categories":[24],"tags":[],"_links":{"self":[{"href":"http:\/\/archiv.szolnoktv.hu\/index.php?rest_route=\/wp\/v2\/posts\/30917"}],"collection":[{"href":"http:\/\/archiv.szolnoktv.hu\/index.php?rest_route=\/wp\/v2\/posts"}],"about":[{"href":"http:\/\/archiv.szolnoktv.hu\/index.php?rest_route=\/wp\/v2\/types\/post"}],"author":[{"embeddable":true,"href":"http:\/\/archiv.szolnoktv.hu\/index.php?rest_route=\/wp\/v2\/users\/2"}],"replies":[{"embeddable":true,"href":"http:\/\/archiv.szolnoktv.hu\/index.php?rest_route=%2Fwp%2Fv2%2Fcomments&post=30917"}],"version-history":[{"count":1,"href":"http:\/\/archiv.szolnoktv.hu\/index.php?rest_route=\/wp\/v2\/posts\/30917\/revisions"}],"predecessor-version":[{"id":30996,"href":"http:\/\/archiv.szolnoktv.hu\/index.php?rest_route=\/wp\/v2\/posts\/30917\/revisions\/30996"}],"wp:attachment":[{"href":"http:\/\/archiv.szolnoktv.hu\/index.php?rest_route=%2Fwp%2Fv2%2Fmedia&parent=30917"}],"wp:term":[{"taxonomy":"category","embeddable":true,"href":"http:\/\/archiv.szolnoktv.hu\/index.php?rest_route=%2Fwp%2Fv2%2Fcategories&post=30917"},{"taxonomy":"post_tag","embeddable":true,"href":"http:\/\/archiv.szolnoktv.hu\/index.php?rest_route=%2Fwp%2Fv2%2Ftags&post=30917"}],"curies":[{"name":"wp","href":"https:\/\/api.w.org\/{rel}","templated":true}]}}