{"id":30916,"date":"2008-03-30T18:53:05","date_gmt":"2008-03-30T18:53:05","guid":{"rendered":"http:\/\/archiv.szolnoktv.hu\/?p=30916"},"modified":"2021-11-17T13:27:33","modified_gmt":"2021-11-17T13:27:33","slug":"gasztronomiai-kiallitas","status":"publish","type":"post","link":"http:\/\/archiv.szolnoktv.hu\/?p=30916","title":{"rendered":"Gasztron\u00f3miai ki\u00e1ll\u00edt\u00e1s"},"content":{"rendered":"<div class='booster-block booster-read-block'><\/div><p>Furcsa alak\u00fa tort\u00e1k, csillog\u00f3 pici falatk\u00e1k: ez a 2008-as trend az asztalokon. Ezeket a leg\u00fajabb \u00edzk\u00f6ltem\u00e9nyeket csod\u00e1lhatta meg az, aki szombaton ell\u00e1togatott a Gasztron\u00f3miai Ki\u00e1ll\u00edt\u00e1s \u00e9s Versenyre az Aba-Nov\u00e1k Kultur\u00e1lis K\u00f6zpontba. Az eg\u00e9sz orsz\u00e1gb\u00f3l \u00e9s k\u00fclf\u00f6ldr\u0151l \u00e9rkez\u0151 gasztron\u00f3miai szakemberek \u00e9s tanul\u00f3k cukr\u00e1sz, szak\u00e1cs, z\u00f6lds\u00e9gfarag\u00f3 \u00e9s d\u00edszter\u00edt\u00e9s kateg\u00f3ri\u00e1ban m\u00e9rt\u00e9k \u00f6ssze k\u00e9pess\u00e9geiket. Az alkot\u00e1ssz\u00e1mba men\u0151 \u00e9telkompoz\u00edci\u00f3kat szak\u00e9rt\u0151 zs\u0171ri \u00e9rt\u00e9kelte. B\u00e1rmennyire is sz\u00e9pek voltak a ki\u00e1ll\u00edtott tort\u00e1k \u00e9s hidegt\u00e1lak, higi\u00e9niai okokb\u00f3l nem lehetett \u0151ket megk\u00f3stolni. Tal\u00e1n nem is baj, hiszen a l\u00e1togat\u00f3k sz\u00e1m\u00e1t \u00e9s a cs\u00f6ppnyi falatk\u00e1kat eln\u00e9zve a megnyit\u00f3 ut\u00e1n p\u00e1r perccel \u00e9rkez\u0151k m\u00e1r csak az \u00fcres t\u00e1lc\u00e1kat n\u00e9zhett\u00e9k volna. Az el\u0151rel\u00e1t\u00f3 szervez\u0151k l\u00e1tv\u00e1nyf\u0151z\u00e9ssel, valamint k\u00fcl\u00f6nf\u00e9le \u00e9lelmiszer- \u00e9s bio\u00e9tel k\u00f3stol\u00f3val gondoskodtak arr\u00f3l, hogy a l\u00e1togat\u00f3k ne menjenek haza korg\u00f3 gyomorral.<\/p>\n","protected":false},"excerpt":{"rendered":"<p>Furcsa alak\u00fa tort\u00e1k, csillog\u00f3 pici falatk\u00e1k: ez a 2008-as trend az asztalokon. Ezeket a leg\u00fajabb \u00edzk\u00f6ltem\u00e9nyeket csod\u00e1lhatta meg az, aki szombaton ell\u00e1togatott a Gasztron\u00f3miai Ki\u00e1ll\u00edt\u00e1s \u00e9s Versenyre az Aba-Nov\u00e1k Kultur\u00e1lis K\u00f6zpontba. Az eg\u00e9sz orsz\u00e1gb\u00f3l \u00e9s k\u00fclf\u00f6ldr\u0151l \u00e9rkez\u0151 gasztron\u00f3miai szakemberek \u00e9s tanul\u00f3k cukr\u00e1sz, szak\u00e1cs, z\u00f6lds\u00e9gfarag\u00f3 \u00e9s d\u00edszter\u00edt\u00e9s kateg\u00f3ri\u00e1ban m\u00e9rt\u00e9k \u00f6ssze k\u00e9pess\u00e9geiket. Az alkot\u00e1ssz\u00e1mba men\u0151 \u00e9telkompoz\u00edci\u00f3kat szak\u00e9rt\u0151 [&hellip;]<\/p>\n","protected":false},"author":2,"featured_media":0,"comment_status":"open","ping_status":"open","sticky":false,"template":"","format":"standard","meta":[],"categories":[24],"tags":[],"_links":{"self":[{"href":"http:\/\/archiv.szolnoktv.hu\/index.php?rest_route=\/wp\/v2\/posts\/30916"}],"collection":[{"href":"http:\/\/archiv.szolnoktv.hu\/index.php?rest_route=\/wp\/v2\/posts"}],"about":[{"href":"http:\/\/archiv.szolnoktv.hu\/index.php?rest_route=\/wp\/v2\/types\/post"}],"author":[{"embeddable":true,"href":"http:\/\/archiv.szolnoktv.hu\/index.php?rest_route=\/wp\/v2\/users\/2"}],"replies":[{"embeddable":true,"href":"http:\/\/archiv.szolnoktv.hu\/index.php?rest_route=%2Fwp%2Fv2%2Fcomments&post=30916"}],"version-history":[{"count":1,"href":"http:\/\/archiv.szolnoktv.hu\/index.php?rest_route=\/wp\/v2\/posts\/30916\/revisions"}],"predecessor-version":[{"id":30997,"href":"http:\/\/archiv.szolnoktv.hu\/index.php?rest_route=\/wp\/v2\/posts\/30916\/revisions\/30997"}],"wp:attachment":[{"href":"http:\/\/archiv.szolnoktv.hu\/index.php?rest_route=%2Fwp%2Fv2%2Fmedia&parent=30916"}],"wp:term":[{"taxonomy":"category","embeddable":true,"href":"http:\/\/archiv.szolnoktv.hu\/index.php?rest_route=%2Fwp%2Fv2%2Fcategories&post=30916"},{"taxonomy":"post_tag","embeddable":true,"href":"http:\/\/archiv.szolnoktv.hu\/index.php?rest_route=%2Fwp%2Fv2%2Ftags&post=30916"}],"curies":[{"name":"wp","href":"https:\/\/api.w.org\/{rel}","templated":true}]}}