{"id":30915,"date":"2008-03-30T18:49:40","date_gmt":"2008-03-30T18:49:40","guid":{"rendered":"http:\/\/archiv.szolnoktv.hu\/?p=30915"},"modified":"2021-11-17T13:27:33","modified_gmt":"2021-11-17T13:27:33","slug":"bekejel","status":"publish","type":"post","link":"http:\/\/archiv.szolnoktv.hu\/?p=30915","title":{"rendered":"B\u00e9kejel"},"content":{"rendered":"<div class='booster-block booster-read-block'><\/div><p>Legink\u00e1bb a k\u00f6z\u00e9piskol\u00e1sok lelkesed\u00e9s\u00e9nek k\u00f6sz\u00f6nhet\u0151, hogy id\u00e9n el\u0151sz\u00f6r Szolnok is csatlakozott a b\u00e9kejel rendezv\u00e9nyhez.<br \/>\nK\u00fcl\u00f6nleges k\u00e9p fogadta azokat, akik szombat este a Kossuth t\u00e9r fel\u00e9 s\u00e9t\u00e1ltak. A f\u0151teret ugyanis k\u00f6r\u00fclbel\u00fcl 180 f\u00e1kly\u00e1s fiatal foglalta el. A legink\u00e1bb k\u00f6z\u00e9piskol\u00e1sokb\u00f3l \u00e1ll\u00f3 csoport a b\u00e9kejel elnevez\u00e9s\u0171 nemzetk\u00f6zi rendezv\u00e9nyhez csatlakozott.<\/p>\n","protected":false},"excerpt":{"rendered":"<p>Legink\u00e1bb a k\u00f6z\u00e9piskol\u00e1sok lelkesed\u00e9s\u00e9nek k\u00f6sz\u00f6nhet\u0151, hogy id\u00e9n el\u0151sz\u00f6r Szolnok is csatlakozott a b\u00e9kejel rendezv\u00e9nyhez. K\u00fcl\u00f6nleges k\u00e9p fogadta azokat, akik szombat este a Kossuth t\u00e9r fel\u00e9 s\u00e9t\u00e1ltak. A f\u0151teret ugyanis k\u00f6r\u00fclbel\u00fcl 180 f\u00e1kly\u00e1s fiatal foglalta el. A legink\u00e1bb k\u00f6z\u00e9piskol\u00e1sokb\u00f3l \u00e1ll\u00f3 csoport a b\u00e9kejel elnevez\u00e9s\u0171 nemzetk\u00f6zi rendezv\u00e9nyhez csatlakozott.<\/p>\n","protected":false},"author":2,"featured_media":0,"comment_status":"open","ping_status":"open","sticky":false,"template":"","format":"standard","meta":[],"categories":[24],"tags":[],"_links":{"self":[{"href":"http:\/\/archiv.szolnoktv.hu\/index.php?rest_route=\/wp\/v2\/posts\/30915"}],"collection":[{"href":"http:\/\/archiv.szolnoktv.hu\/index.php?rest_route=\/wp\/v2\/posts"}],"about":[{"href":"http:\/\/archiv.szolnoktv.hu\/index.php?rest_route=\/wp\/v2\/types\/post"}],"author":[{"embeddable":true,"href":"http:\/\/archiv.szolnoktv.hu\/index.php?rest_route=\/wp\/v2\/users\/2"}],"replies":[{"embeddable":true,"href":"http:\/\/archiv.szolnoktv.hu\/index.php?rest_route=%2Fwp%2Fv2%2Fcomments&post=30915"}],"version-history":[{"count":1,"href":"http:\/\/archiv.szolnoktv.hu\/index.php?rest_route=\/wp\/v2\/posts\/30915\/revisions"}],"predecessor-version":[{"id":30998,"href":"http:\/\/archiv.szolnoktv.hu\/index.php?rest_route=\/wp\/v2\/posts\/30915\/revisions\/30998"}],"wp:attachment":[{"href":"http:\/\/archiv.szolnoktv.hu\/index.php?rest_route=%2Fwp%2Fv2%2Fmedia&parent=30915"}],"wp:term":[{"taxonomy":"category","embeddable":true,"href":"http:\/\/archiv.szolnoktv.hu\/index.php?rest_route=%2Fwp%2Fv2%2Fcategories&post=30915"},{"taxonomy":"post_tag","embeddable":true,"href":"http:\/\/archiv.szolnoktv.hu\/index.php?rest_route=%2Fwp%2Fv2%2Ftags&post=30915"}],"curies":[{"name":"wp","href":"https:\/\/api.w.org\/{rel}","templated":true}]}}