{"id":30914,"date":"2008-03-28T18:48:57","date_gmt":"2008-03-28T18:48:57","guid":{"rendered":"http:\/\/archiv.szolnoktv.hu\/?p=30914"},"modified":"2021-11-17T13:27:33","modified_gmt":"2021-11-17T13:27:33","slug":"vallalkozo-forum","status":"publish","type":"post","link":"http:\/\/archiv.szolnoktv.hu\/?p=30914","title":{"rendered":"V\u00e1llalkoz\u00f3 f\u00f3rum"},"content":{"rendered":"<div class='booster-block booster-read-block'><\/div><p>A leg\u00e1lis kereskedelmet, a leg\u00e1lis \u00e9p\u00edt\u0151ipart megfojtja a fekete munka. A nemzetgazdas\u00e1got \u00e9vente h\u00e1romsz\u00e1z milli\u00e1rd forintra becs\u00fclt k\u00e1r \u00e9ri a be nem fizetett j\u00e1rul\u00e9kok miatt. A V\u00e1llalkoz\u00f3k \u00e9s Munkaad\u00f3k Orsz\u00e1gos Sz\u00f6vets\u00e9g\u00e9nek megyei f\u00f3rum\u00e1n is a feketegazdas\u00e1g visszaszor\u00edt\u00e1s\u00e1r\u00f3l tan\u00e1cskoztak p\u00e9nz\u00fcgy\u0151r\u00f6k, rend\u0151r\u00f6k, fogyaszt\u00f3v\u00e9d\u0151k, v\u00e1llalkoz\u00f3k. A feketegazdas\u00e1g \u00e9letben tart\u00f3i maguk a v\u00e1s\u00e1rl\u00f3k, akik a k\u00e9tes eredet\u0171 term\u00e9keket, szolg\u00e1ltat\u00e1sokat megv\u00e1s\u00e1rolj\u00e1k: mondv\u00e1n, \u00edgy olcs\u00f3bb. Pedig hossz\u00fat\u00e1von az olcs\u00f3 h\u00fasnak h\u00edg a leve.<\/p>\n","protected":false},"excerpt":{"rendered":"<p>A leg\u00e1lis kereskedelmet, a leg\u00e1lis \u00e9p\u00edt\u0151ipart megfojtja a fekete munka. A nemzetgazdas\u00e1got \u00e9vente h\u00e1romsz\u00e1z milli\u00e1rd forintra becs\u00fclt k\u00e1r \u00e9ri a be nem fizetett j\u00e1rul\u00e9kok miatt. A V\u00e1llalkoz\u00f3k \u00e9s Munkaad\u00f3k Orsz\u00e1gos Sz\u00f6vets\u00e9g\u00e9nek megyei f\u00f3rum\u00e1n is a feketegazdas\u00e1g visszaszor\u00edt\u00e1s\u00e1r\u00f3l tan\u00e1cskoztak p\u00e9nz\u00fcgy\u0151r\u00f6k, rend\u0151r\u00f6k, fogyaszt\u00f3v\u00e9d\u0151k, v\u00e1llalkoz\u00f3k. A feketegazdas\u00e1g \u00e9letben tart\u00f3i maguk a v\u00e1s\u00e1rl\u00f3k, akik a k\u00e9tes eredet\u0171 term\u00e9keket, szolg\u00e1ltat\u00e1sokat [&hellip;]<\/p>\n","protected":false},"author":2,"featured_media":0,"comment_status":"open","ping_status":"open","sticky":false,"template":"","format":"standard","meta":[],"categories":[24],"tags":[],"_links":{"self":[{"href":"http:\/\/archiv.szolnoktv.hu\/index.php?rest_route=\/wp\/v2\/posts\/30914"}],"collection":[{"href":"http:\/\/archiv.szolnoktv.hu\/index.php?rest_route=\/wp\/v2\/posts"}],"about":[{"href":"http:\/\/archiv.szolnoktv.hu\/index.php?rest_route=\/wp\/v2\/types\/post"}],"author":[{"embeddable":true,"href":"http:\/\/archiv.szolnoktv.hu\/index.php?rest_route=\/wp\/v2\/users\/2"}],"replies":[{"embeddable":true,"href":"http:\/\/archiv.szolnoktv.hu\/index.php?rest_route=%2Fwp%2Fv2%2Fcomments&post=30914"}],"version-history":[{"count":1,"href":"http:\/\/archiv.szolnoktv.hu\/index.php?rest_route=\/wp\/v2\/posts\/30914\/revisions"}],"predecessor-version":[{"id":30999,"href":"http:\/\/archiv.szolnoktv.hu\/index.php?rest_route=\/wp\/v2\/posts\/30914\/revisions\/30999"}],"wp:attachment":[{"href":"http:\/\/archiv.szolnoktv.hu\/index.php?rest_route=%2Fwp%2Fv2%2Fmedia&parent=30914"}],"wp:term":[{"taxonomy":"category","embeddable":true,"href":"http:\/\/archiv.szolnoktv.hu\/index.php?rest_route=%2Fwp%2Fv2%2Fcategories&post=30914"},{"taxonomy":"post_tag","embeddable":true,"href":"http:\/\/archiv.szolnoktv.hu\/index.php?rest_route=%2Fwp%2Fv2%2Ftags&post=30914"}],"curies":[{"name":"wp","href":"https:\/\/api.w.org\/{rel}","templated":true}]}}