{"id":30913,"date":"2008-03-28T18:48:25","date_gmt":"2008-03-28T18:48:25","guid":{"rendered":"http:\/\/archiv.szolnoktv.hu\/?p=30913"},"modified":"2021-11-17T13:27:33","modified_gmt":"2021-11-17T13:27:33","slug":"sportletesitmenyek-felujitasa-sporttamogatasok","status":"publish","type":"post","link":"http:\/\/archiv.szolnoktv.hu\/?p=30913","title":{"rendered":"Sportl\u00e9tes\u00edtm\u00e9nyek fel\u00faj\u00edt\u00e1sa, sportt\u00e1mogat\u00e1sok"},"content":{"rendered":"<div class='booster-block booster-read-block'><\/div><p>Komoly fejleszt\u00e9sek kezd\u0151dtek az Holt-tiszai v\u00edzi sporttelepen. Hamarosan elk\u00e9sz\u00fcl a fel\u00faj\u00edtott, \u00e1t\u00e9p\u00edtett c\u00e9ltorony, amely az egyik fontos felt\u00e9tele annak, hogy kiemelt versenyt lehessen rendezni a kajak-kenu p\u00e1ly\u00e1n.<br \/>\nAz eg\u00e9sz ter\u00fcletre elk\u00e9sz\u00fclt hossz\u00fa t\u00e1v\u00fa fejleszt\u00e9si koncepci\u00f3 r\u00e9szek\u00e9nt folytat\u00f3dik a fah\u00e1zak t\u00e9lies\u00edt\u00e9se \u00e9s komfortfokozat\u00e1nak n\u00f6vel\u00e9se. Fel\u00faj\u00edtj\u00e1k \u00e9s b\u0151v\u00edtik az \u00e9ttermet, \u00faj sportp\u00e1ly\u00e1k l\u00e9tes\u00fclnek, vir\u00e1gos\u00edtanak, ker\u00edt\u00e9st renov\u00e1lnak, st\u00e9geket jav\u00edtanak. A l\u00e9tes\u00edtm\u00e9ny, sok \u00e9v kitart\u00f3 munk\u00e1ja ut\u00e1n, majd 6 ezer n\u00e9gyzetm\u00e9ternyi, imm\u00e1r \u00f6nkorm\u00e1nyzati tulajdon\u00fa ter\u00fclettel gyarapodott. Azonban nem csak a v\u00edzi sporttelep b\u0151v\u00edt\u00e9se, fejleszt\u00e9se val\u00f3sul meg t\u00f6bb l\u00e9pcs\u0151ben, id\u00e9n az el\u0151z\u0151 \u00e9vhez k\u00e9pest 10 milli\u00f3 forinttal t\u00f6bb ford\u00edthat\u00f3 az ut\u00e1np\u00f3tl\u00e1s nevel\u00e9sre. A forr\u00e1sn\u00f6veked\u00e9s \u00e1ltal\u00e1noss\u00e1gban igaz a teljes sportt\u00e1mogat\u00e1sra is. Am\u00edg tavaly 74 milli\u00f3 forintot biztos\u00edtott a k\u00f6lts\u00e9gvet\u00e9s a sportszervezeteknek, addig most 107 milli\u00f3t. A k\u00fcl\u00f6nbs\u00e9g 33 milli\u00f3 forint, ennyivel jut t\u00f6bb p\u00e9nz a sportra a legkisebbekt\u0151l a legnagyobbakig bez\u00e1r\u00f3lag.<\/p>\n","protected":false},"excerpt":{"rendered":"<p>Komoly fejleszt\u00e9sek kezd\u0151dtek az Holt-tiszai v\u00edzi sporttelepen. Hamarosan elk\u00e9sz\u00fcl a fel\u00faj\u00edtott, \u00e1t\u00e9p\u00edtett c\u00e9ltorony, amely az egyik fontos felt\u00e9tele annak, hogy kiemelt versenyt lehessen rendezni a kajak-kenu p\u00e1ly\u00e1n. Az eg\u00e9sz ter\u00fcletre elk\u00e9sz\u00fclt hossz\u00fa t\u00e1v\u00fa fejleszt\u00e9si koncepci\u00f3 r\u00e9szek\u00e9nt folytat\u00f3dik a fah\u00e1zak t\u00e9lies\u00edt\u00e9se \u00e9s komfortfokozat\u00e1nak n\u00f6vel\u00e9se. Fel\u00faj\u00edtj\u00e1k \u00e9s b\u0151v\u00edtik az \u00e9ttermet, \u00faj sportp\u00e1ly\u00e1k l\u00e9tes\u00fclnek, vir\u00e1gos\u00edtanak, ker\u00edt\u00e9st renov\u00e1lnak, st\u00e9geket [&hellip;]<\/p>\n","protected":false},"author":2,"featured_media":0,"comment_status":"open","ping_status":"open","sticky":false,"template":"","format":"standard","meta":[],"categories":[24],"tags":[],"_links":{"self":[{"href":"http:\/\/archiv.szolnoktv.hu\/index.php?rest_route=\/wp\/v2\/posts\/30913"}],"collection":[{"href":"http:\/\/archiv.szolnoktv.hu\/index.php?rest_route=\/wp\/v2\/posts"}],"about":[{"href":"http:\/\/archiv.szolnoktv.hu\/index.php?rest_route=\/wp\/v2\/types\/post"}],"author":[{"embeddable":true,"href":"http:\/\/archiv.szolnoktv.hu\/index.php?rest_route=\/wp\/v2\/users\/2"}],"replies":[{"embeddable":true,"href":"http:\/\/archiv.szolnoktv.hu\/index.php?rest_route=%2Fwp%2Fv2%2Fcomments&post=30913"}],"version-history":[{"count":1,"href":"http:\/\/archiv.szolnoktv.hu\/index.php?rest_route=\/wp\/v2\/posts\/30913\/revisions"}],"predecessor-version":[{"id":31000,"href":"http:\/\/archiv.szolnoktv.hu\/index.php?rest_route=\/wp\/v2\/posts\/30913\/revisions\/31000"}],"wp:attachment":[{"href":"http:\/\/archiv.szolnoktv.hu\/index.php?rest_route=%2Fwp%2Fv2%2Fmedia&parent=30913"}],"wp:term":[{"taxonomy":"category","embeddable":true,"href":"http:\/\/archiv.szolnoktv.hu\/index.php?rest_route=%2Fwp%2Fv2%2Fcategories&post=30913"},{"taxonomy":"post_tag","embeddable":true,"href":"http:\/\/archiv.szolnoktv.hu\/index.php?rest_route=%2Fwp%2Fv2%2Ftags&post=30913"}],"curies":[{"name":"wp","href":"https:\/\/api.w.org\/{rel}","templated":true}]}}